{"id":432963,"date":"2023-04-19T18:58:24","date_gmt":"2023-04-19T22:58:24","guid":{"rendered":"http:\/\/diariodominicano.com\/?p=432963"},"modified":"2023-04-19T18:58:24","modified_gmt":"2023-04-19T22:58:24","slug":"dictan-prision-preventiva-a-cabecilla-de-organizacion-dedicada-al-trafico-internacional-de-drogas","status":"publish","type":"post","link":"https:\/\/diariodominicano.com\/?p=432963","title":{"rendered":"Dictan prisi\u00f3n preventiva a cabecilla de organizaci\u00f3n dedicada al tr\u00e1fico internacional de drogas"},"content":{"rendered":"\n<p><\/p>\n\n\n\n<p><em><u>El imputado, oriundo de San Pedro de Macor\u00eds, fue arrestado en un operativo de inteligencia&nbsp;<\/u><\/em><\/p>\n\n\n\n<p>SANTIAGO (Rep\u00fablica Dominicana).- La Fiscal\u00eda de Santiago logr\u00f3 que un juez de la Oficina Judicial de Servicios de Atenci\u00f3n Permanente impusiera la prisi\u00f3n preventiva y declarara de tramitaci\u00f3n compleja el proceso contra un hombre a quien le imputa pertenecer a una organizaci\u00f3n criminal dedicada al tr\u00e1fico internacional de drogas y que, adem\u00e1s, viol\u00f3 la ley de armas.&nbsp;<\/p>\n\n\n\n<p>La medida de coerci\u00f3n fue ordenada por el juez Bienvenido Liz contra Ernesto Reyes y\/o Enmanuel Isidro Piantini Ramio, quien hac\u00eda uso de identidades falsas a fin de evadir el escrutinio de la justicia en sus negocios il\u00edcitos.&nbsp;<\/p>\n\n\n\n<p>El tribunal orden\u00f3 la prisi\u00f3n preventiva y declar\u00f3 de tramitaci\u00f3n compleja el proceso, por cuanto se trata de una grave imputaci\u00f3n de tr\u00e1fico transnacional de drogas y que en el pa\u00eds tiene como l\u00edder al citado imputado.&nbsp;<\/p>\n\n\n\n<p>De acuerdo a la instancia de solicitud de medida, Ernesto Reyes y\/o Enmanuel Isidro Piantini Ramio fue apresado en flagrancia mientras recib\u00eda una caja y un tanque en cuyo interior, camuflada en empaques de jugo y avena, varias porciones de un vegetal que por sus caracter\u00edsticas se cree es marihuana.&nbsp;<\/p>\n\n\n\n<p>Los paquetes fueron enviados desde Paterson, New Jersey, Estados Unidos y llegaron hasta los dep\u00f3sitos de una compa\u00f1\u00eda que opera en el Aeropuerto Internacional del Cibao.&nbsp;<\/p>\n\n\n\n<p>El Ministerio P\u00fablico, representado en la audiencia por la fiscal litigante Merary Guzm\u00e1n, indica que, mediante revisiones de rutina, agentes de inteligencia, adscritos al Centro de Informaci\u00f3n y Coordinaci\u00f3n Conjunta&nbsp; (CICC) de la Direcci\u00f3n Nacional de Control de Drogas (DNCD), as\u00ed como inspectores de la Direcci\u00f3n General de Aduanas (DGA) que operan en la terminal a\u00e9rea, se incautaron de varios paquetes de la sustancia controlada, lo que bajo coordinaci\u00f3n de la Fiscal\u00eda de Santiago dio inicio a una operaci\u00f3n&nbsp; que determin\u00f3 el origen y destino de la droga, as\u00ed como el arresto del imputado.&nbsp;<\/p>\n\n\n\n<p>Entre los elementos de pruebas que la litigante present\u00f3 al tribunal est\u00e1n los envases, etiquetados con marcas de jugos y avena, en los cuales se escond\u00edan las 17 porciones de drogas que tienen un peso total de 7.37 libras.&nbsp;&nbsp;<\/p>\n\n\n\n<p>Mediante la intervenci\u00f3n en la residencia del imputado, donde se ejecut\u00f3 su arresto, la Fiscal\u00eda de Santiago se incaut\u00f3 de otras evidencias tales como documentos de identidad falsos que utilizaba el imputado para evadir la justicia.&nbsp;<\/p>\n\n\n\n<p>Se le ocup\u00f3, adem\u00e1s, una balanza digital la cual ten\u00eda residuos de lo que parece ser marihuana.&nbsp;<\/p>\n\n\n\n<p>Los allanamientos fueron realizados bajo la coordinaci\u00f3n del Ministerio P\u00fablico en la persona de la fiscal Aida Medrano.&nbsp;<\/p>\n\n\n\n<p>El Ministerio P\u00fablico ha otorgado la calificaci\u00f3n jur\u00eddica provisional contenida en los art\u00edculos 4, literal D; 6, letra A; 8, categor\u00eda II, ac\u00e1pite III; art\u00edculo 9, letra F; as\u00ed tambi\u00e9n el 28, 29 y 58 letras A, B y C; 58, 59, 60, 66 y 75, p\u00e1rrafo 2, de la Ley 50-88, que establece sanciones penales contra el tr\u00e1fico internacional de sustancias controladas.&nbsp;<\/p>\n\n\n\n<p>Reyes tambi\u00e9n enfrenta cargos por violaci\u00f3n a los art\u00edculos 66 y 67 de la Ley 631-16 para el Control y Regulaci\u00f3n de Armas, Municiones y Materiales Relacionados.&nbsp;<\/p>\n\n\n\n<p>Adem\u00e1s, la Fiscal\u00eda le atribuye al imputado la violaci\u00f3n a los art\u00edculos 150 y 151 del C\u00f3digo Penal Dominicano por el uso de documentos falsos en perjuicio del Estado.<\/p>\n\n\n\n<p>&nbsp;&nbsp;&nbsp;&nbsp;&nbsp;&nbsp;&nbsp;&nbsp;&nbsp;&nbsp;&nbsp;&nbsp;&nbsp;&nbsp;&nbsp;&nbsp;&nbsp;&nbsp;&nbsp;&nbsp;&nbsp;&nbsp;&nbsp;&nbsp;&nbsp;&nbsp;&nbsp;&nbsp;&nbsp;&nbsp;&nbsp;&nbsp;&nbsp;&nbsp;&nbsp;&nbsp;&nbsp;&nbsp;&nbsp;&nbsp;&nbsp;&nbsp;&nbsp;&nbsp;&nbsp;&nbsp;&nbsp;&nbsp;&nbsp;&nbsp;&nbsp;&nbsp;&nbsp;&nbsp;&nbsp;&nbsp;&nbsp;&nbsp;&nbsp;&nbsp;&nbsp;&nbsp;&nbsp;&nbsp;&nbsp;&nbsp;&nbsp;&nbsp;&nbsp;&nbsp;&nbsp;&nbsp;&nbsp;&nbsp;&nbsp;&nbsp;&nbsp;&nbsp;&nbsp;&nbsp;&nbsp;&nbsp;&nbsp;&nbsp;&nbsp;&nbsp;&nbsp;&nbsp;&nbsp;&nbsp;&nbsp;&nbsp;&nbsp;&nbsp;&nbsp;&nbsp;&nbsp;&nbsp;&nbsp;&nbsp;&nbsp;&nbsp;&nbsp;&nbsp;&nbsp;&nbsp;&nbsp;&nbsp;&nbsp;&nbsp;&nbsp;&nbsp;&nbsp;&nbsp;&nbsp;&nbsp;&nbsp;&nbsp;&nbsp;&nbsp;&nbsp;&nbsp;&nbsp;&nbsp;&nbsp;&nbsp;&nbsp;&nbsp;&nbsp;&nbsp;&nbsp;&nbsp;&nbsp; &nbsp;&nbsp;&nbsp;&nbsp;&nbsp;&nbsp;&nbsp;&nbsp;&nbsp;&nbsp;&nbsp;&nbsp;&nbsp;&nbsp;&nbsp;&nbsp;&nbsp;&nbsp;&nbsp;&nbsp;&nbsp;&nbsp;&nbsp;&nbsp;&nbsp;&nbsp;&nbsp;&nbsp;&nbsp;&nbsp;&nbsp;&nbsp;&nbsp;&nbsp;&nbsp;&nbsp;&nbsp;&nbsp;&nbsp;&nbsp;&nbsp;&nbsp;&nbsp;&nbsp;&nbsp;&nbsp;&nbsp;&nbsp;Direcci\u00f3n General de Comunicaci\u00f3n, Prensa, y RRPP<\/p>\n\n\n\n<p>Ministerio P\u00fablico.&nbsp;R.D.<\/p>\n\n\n\n<p>Mi\u00e9rcoles, 19 de abril de 2023.<\/p>\n","protected":false},"excerpt":{"rendered":"<p>El imputado, oriundo de San Pedro de Macor\u00eds, fue arrestado en un operativo de inteligencia&nbsp; SANTIAGO (Rep\u00fablica Dominicana).- La Fiscal\u00eda de Santiago logr\u00f3 que un juez de la Oficina Judicial de Servicios de Atenci\u00f3n Permanente impusiera la prisi\u00f3n preventiva y declarara de tramitaci\u00f3n compleja el proceso contra un hombre a quien le imputa pertenecer a [&hellip;]<\/p>\n","protected":false},"author":28,"featured_media":427834,"comment_status":"closed","ping_status":"","sticky":true,"template":"","format":"standard","meta":{"footnotes":""},"categories":[24,29,27],"tags":[],"class_list":["post-432963","post","type-post","status-publish","format-standard","has-post-thumbnail","hentry","category-justicia-y-derecho","category-policiasucesos","category-portada"],"_links":{"self":[{"href":"https:\/\/diariodominicano.com\/index.php?rest_route=\/wp\/v2\/posts\/432963","targetHints":{"allow":["GET"]}}],"collection":[{"href":"https:\/\/diariodominicano.com\/index.php?rest_route=\/wp\/v2\/posts"}],"about":[{"href":"https:\/\/diariodominicano.com\/index.php?rest_route=\/wp\/v2\/types\/post"}],"author":[{"embeddable":true,"href":"https:\/\/diariodominicano.com\/index.php?rest_route=\/wp\/v2\/users\/28"}],"replies":[{"embeddable":true,"href":"https:\/\/diariodominicano.com\/index.php?rest_route=%2Fwp%2Fv2%2Fcomments&post=432963"}],"version-history":[{"count":1,"href":"https:\/\/diariodominicano.com\/index.php?rest_route=\/wp\/v2\/posts\/432963\/revisions"}],"predecessor-version":[{"id":432964,"href":"https:\/\/diariodominicano.com\/index.php?rest_route=\/wp\/v2\/posts\/432963\/revisions\/432964"}],"wp:featuredmedia":[{"embeddable":true,"href":"https:\/\/diariodominicano.com\/index.php?rest_route=\/wp\/v2\/media\/427834"}],"wp:attachment":[{"href":"https:\/\/diariodominicano.com\/index.php?rest_route=%2Fwp%2Fv2%2Fmedia&parent=432963"}],"wp:term":[{"taxonomy":"category","embeddable":true,"href":"https:\/\/diariodominicano.com\/index.php?rest_route=%2Fwp%2Fv2%2Fcategories&post=432963"},{"taxonomy":"post_tag","embeddable":true,"href":"https:\/\/diariodominicano.com\/index.php?rest_route=%2Fwp%2Fv2%2Ftags&post=432963"}],"curies":[{"name":"wp","href":"https:\/\/api.w.org\/{rel}","templated":true}]}}