{"id":432949,"date":"2023-04-19T18:27:27","date_gmt":"2023-04-19T22:27:27","guid":{"rendered":"http:\/\/diariodominicano.com\/?p=432949"},"modified":"2023-04-19T18:36:58","modified_gmt":"2023-04-19T22:36:58","slug":"imponen-medida-cautelar-a-un-adolescente-de-17-anos-que-hirio-de-gravedad-a-un-joven-en-salcedo","status":"publish","type":"post","link":"https:\/\/diariodominicano.com\/?p=432949","title":{"rendered":"Imponen medida cautelar a un adolescente de 17 a\u00f1os que hiri\u00f3 de gravedad a un joven en salcedo"},"content":{"rendered":"\n<p>HERMANAS MIRABAL, Rep\u00fablica Dominicana.- Una jueza de la Jurisdicci\u00f3n Penal en funciones de Juzgado de Instrucci\u00f3n de Ni\u00f1os, Ni\u00f1as y Adolescentes de esta provincia, impuso medida cautelar privativa de libertad por un mes en contra de un adolescente de 17 a\u00f1os, imputado de causarle heridas de arma de fuego en la cabeza a un joven, en un hecho registrado el pasado 11 de abril, en el sector Villa Miralba, de la ciudad de Salcedo.&nbsp;&nbsp;&nbsp;&nbsp;<\/p>\n\n\n\n<p>La decisi\u00f3n fue tomada por la jueza Elizabeth Cepeda Mu\u00f1oz, del Juzgado de Instrucci\u00f3n de Ni\u00f1os, Ni\u00f1as y Adolescentes del Distrito Judicial de Hermanas Mirabal, en contra del adolescente, a quien se le imputa herir de gravedad de un disparo en la cabeza a Darlin Manuel Ceballos Pichardo, de 19 a\u00f1os de edad, en un confuso incidente en el que tambi\u00e9n se vio involucrado otro adolescente, a quien el tribunal impuso presentaci\u00f3n peri\u00f3dica como medida cautelar.&nbsp;<\/p>\n\n\n\n<p>De acuerdo con lo que establece la unidad especializada de ni\u00f1os, ni\u00f1as y adolescentes en esta demarcaci\u00f3n, el hecho inici\u00f3 con una disputa en un centro educativo.&nbsp;<\/p>\n\n\n\n<p>La instancia detalla que el menor de 14 a\u00f1os sali\u00f3 del centro escolar y otros comenzaron a molestarle en busca de dinero en sus bolsillos, procediendo a tomarlo por los pies y manos para lanzarlo por el balc\u00f3n del tercer piso del centro.&nbsp;&nbsp;&nbsp;<\/p>\n\n\n\n<p>Se\u00f1ala, la solicitud de medida cautelar, que, tras el forcejeo con los jovencitos, el menor de 14 a\u00f1os result\u00f3 con varias laceraciones en diferentes partes del cuerpo, logrando finalmente escapar de sus agresores.&nbsp;&nbsp;&nbsp;&nbsp;&nbsp;<\/p>\n\n\n\n<p>De acuerdo con la instancia de medida cautelar, el joven agredido en la cabeza se encuentra recluido en un centro de salud de la zona, y su pron\u00f3stico es reservado.&nbsp;&nbsp;&nbsp;<\/p>\n\n\n\n<p>La procuradora fiscal actuante, para los temas Ni\u00f1os, Ni\u00f1as y Adolescentes, Ana Veras, present\u00f3 ante el tribunal los elementos de pruebas en los que se sustenta la investigaci\u00f3n en contra del menor implicado en la agresi\u00f3n.<\/p>\n\n\n\n<p>El Ministerio P\u00fablico ha calificado los hechos como violaci\u00f3n a los art\u00edculos 265, 266, 2, 295, y 304 del C\u00f3digo Penal Dominicano (CPD) en perjuicio Darlin Manuel Ceballos Pichardo, y 66, 67, 83, 85 y 86 de la Ley 631-2016 sobre Armas, Municiones y Materiales Relacionados en perjuicio del Estado dominicano, y el art\u00edculo 311 del CPD en perjuicio del adolescente de 14 a\u00f1os.&nbsp;&nbsp;&nbsp;<\/p>\n\n\n\n<p>La medida cautelar impuesta contra el procesado deber\u00e1 cumplirse en el Centro Correccional M\u00e1ximo Antonio \u00c1lvarez, de la ciudad de La Vega, por espacio de 30 d\u00edas, como establecen las normas.&nbsp;<\/p>\n\n\n\n<p>Los nombres de los menores de edad fueron omitidos por razones legales.<\/p>\n\n\n\n<p>Comunicaciones Prensa PGR<a target=\"_blank\" href=\"mailto:comunicaciones@pgr.gob.do\" rel=\"noreferrer noopener\">comunicaciones@pgr.gob.do<\/a><\/p>\n","protected":false},"excerpt":{"rendered":"<p>HERMANAS MIRABAL, Rep\u00fablica Dominicana.- Una jueza de la Jurisdicci\u00f3n Penal en funciones de Juzgado de Instrucci\u00f3n de Ni\u00f1os, Ni\u00f1as y Adolescentes de esta provincia, impuso medida cautelar privativa de libertad por un mes en contra de un adolescente de 17 a\u00f1os, imputado de causarle heridas de arma de fuego en la cabeza a un joven, [&hellip;]<\/p>\n","protected":false},"author":28,"featured_media":295312,"comment_status":"closed","ping_status":"","sticky":true,"template":"","format":"standard","meta":{"footnotes":""},"categories":[24,29,27],"tags":[],"class_list":["post-432949","post","type-post","status-publish","format-standard","has-post-thumbnail","hentry","category-justicia-y-derecho","category-policiasucesos","category-portada"],"_links":{"self":[{"href":"https:\/\/diariodominicano.com\/index.php?rest_route=\/wp\/v2\/posts\/432949","targetHints":{"allow":["GET"]}}],"collection":[{"href":"https:\/\/diariodominicano.com\/index.php?rest_route=\/wp\/v2\/posts"}],"about":[{"href":"https:\/\/diariodominicano.com\/index.php?rest_route=\/wp\/v2\/types\/post"}],"author":[{"embeddable":true,"href":"https:\/\/diariodominicano.com\/index.php?rest_route=\/wp\/v2\/users\/28"}],"replies":[{"embeddable":true,"href":"https:\/\/diariodominicano.com\/index.php?rest_route=%2Fwp%2Fv2%2Fcomments&post=432949"}],"version-history":[{"count":2,"href":"https:\/\/diariodominicano.com\/index.php?rest_route=\/wp\/v2\/posts\/432949\/revisions"}],"predecessor-version":[{"id":432954,"href":"https:\/\/diariodominicano.com\/index.php?rest_route=\/wp\/v2\/posts\/432949\/revisions\/432954"}],"wp:featuredmedia":[{"embeddable":true,"href":"https:\/\/diariodominicano.com\/index.php?rest_route=\/wp\/v2\/media\/295312"}],"wp:attachment":[{"href":"https:\/\/diariodominicano.com\/index.php?rest_route=%2Fwp%2Fv2%2Fmedia&parent=432949"}],"wp:term":[{"taxonomy":"category","embeddable":true,"href":"https:\/\/diariodominicano.com\/index.php?rest_route=%2Fwp%2Fv2%2Fcategories&post=432949"},{"taxonomy":"post_tag","embeddable":true,"href":"https:\/\/diariodominicano.com\/index.php?rest_route=%2Fwp%2Fv2%2Ftags&post=432949"}],"curies":[{"name":"wp","href":"https:\/\/api.w.org\/{rel}","templated":true}]}}