{"id":432947,"date":"2023-04-19T18:24:27","date_gmt":"2023-04-19T22:24:27","guid":{"rendered":"http:\/\/diariodominicano.com\/?p=432947"},"modified":"2023-04-19T18:37:32","modified_gmt":"2023-04-19T22:37:32","slug":"imponen-tres-meses-de-prision-preventiva-a-tres-hombres-vinculados-a-asalto-y-muerte-de-un-joven-en-villa-faro","status":"publish","type":"post","link":"https:\/\/diariodominicano.com\/?p=432947","title":{"rendered":"Imponen tres meses de prisi\u00f3n preventiva a tres hombres vinculados a asalto y muerte de un joven en Villa Faro"},"content":{"rendered":"\n<p>SANTO DOMINGO ESTE, Rep\u00fablica Dominicana.-&nbsp;La Fiscal\u00eda de Santo Domingo Este y Norte obtuvo tres meses de prisi\u00f3n preventiva, como medida de coerci\u00f3n, en contra de tres hombres vinculados al asalto a mano armada y al asesinato de un joven mientras se trasladaba en un veh\u00edculo del transporte p\u00fablico por el sector Villa Faro.<\/p>\n\n\n\n<p>El Juzgado de Atenci\u00f3n Permanente, que preside el juez Bernardo Copl\u00edn, acogi\u00f3 la solicitud del Ministerio P\u00fablico y dict\u00f3 tres meses de prisi\u00f3n preventiva en contra de Richard Wilson Mart\u00ednez, Pablo Pimentel y Daniel F\u00e9liz D\u00edaz, por su implicaci\u00f3n en la muerte de \u00c1ngelo Rafael Medina Encarnaci\u00f3n, de 19 a\u00f1os de edad.&nbsp;<\/p>\n\n\n\n<p>El expediente instrumentado por la Fiscal\u00eda establece, que, el d\u00eda 4 de abril del a\u00f1o en curso, los tres imputados, en coordinaci\u00f3n con otro malhechor (pr\u00f3fugo), interceptaron a la v\u00edctima en la carretera de Mendoza, pr\u00f3ximo al sector Villa Faro, mientras se trasladaba en un carro del transporte p\u00fablico de la Ruta (Mendoza-Megacentro).&nbsp;<\/p>\n\n\n\n<p>Los malhechores, quienes portaban un arma de fuego, intentaron despojar al joven estudiante de una peque\u00f1a cartera que portaba, a lo que \u00e9ste se resisti\u00f3 y en el forcejeo uno de los asaltantes le realiz\u00f3 el disparo que le produjo la muerte.&nbsp;<\/p>\n\n\n\n<p>El Ministerio P\u00fablico se\u00f1ala que los imputados son responsables de violar los art\u00edculos 265, 266, 295 y 304 del C\u00f3digo Penal Dominicano, sobre homicidio con premeditaci\u00f3n y asechanza, as\u00ed como la Ley 631-16, para el Control y Regulaci\u00f3n de Armas, Municiones y Materiales Relacionados.<\/p>\n\n\n\n<p>El tribunal decidi\u00f3 que los imputados cumplan la medida de coerci\u00f3n en la Penitenciar\u00eda Nacional de La Victoria y en el Centro de Correcci\u00f3n y Rehabilitaci\u00f3n de San Pedro de Macor\u00eds.&nbsp;<\/p>\n\n\n\n<p>Direcci\u00f3n General de Comunicaci\u00f3n, Prensa, y RRPP<\/p>\n\n\n\n<p>Ministerio P\u00fablico.&nbsp;R.D.<\/p>\n\n\n\n<p>Mi\u00e9rcoles, 19 de abril de 2023.<\/p>\n","protected":false},"excerpt":{"rendered":"<p>SANTO DOMINGO ESTE, Rep\u00fablica Dominicana.-&nbsp;La Fiscal\u00eda de Santo Domingo Este y Norte obtuvo tres meses de prisi\u00f3n preventiva, como medida de coerci\u00f3n, en contra de tres hombres vinculados al asalto a mano armada y al asesinato de un joven mientras se trasladaba en un veh\u00edculo del transporte p\u00fablico por el sector Villa Faro. El Juzgado [&hellip;]<\/p>\n","protected":false},"author":28,"featured_media":329468,"comment_status":"closed","ping_status":"","sticky":true,"template":"","format":"standard","meta":{"footnotes":""},"categories":[24,29,27],"tags":[],"class_list":["post-432947","post","type-post","status-publish","format-standard","has-post-thumbnail","hentry","category-justicia-y-derecho","category-policiasucesos","category-portada"],"_links":{"self":[{"href":"https:\/\/diariodominicano.com\/index.php?rest_route=\/wp\/v2\/posts\/432947","targetHints":{"allow":["GET"]}}],"collection":[{"href":"https:\/\/diariodominicano.com\/index.php?rest_route=\/wp\/v2\/posts"}],"about":[{"href":"https:\/\/diariodominicano.com\/index.php?rest_route=\/wp\/v2\/types\/post"}],"author":[{"embeddable":true,"href":"https:\/\/diariodominicano.com\/index.php?rest_route=\/wp\/v2\/users\/28"}],"replies":[{"embeddable":true,"href":"https:\/\/diariodominicano.com\/index.php?rest_route=%2Fwp%2Fv2%2Fcomments&post=432947"}],"version-history":[{"count":2,"href":"https:\/\/diariodominicano.com\/index.php?rest_route=\/wp\/v2\/posts\/432947\/revisions"}],"predecessor-version":[{"id":432955,"href":"https:\/\/diariodominicano.com\/index.php?rest_route=\/wp\/v2\/posts\/432947\/revisions\/432955"}],"wp:featuredmedia":[{"embeddable":true,"href":"https:\/\/diariodominicano.com\/index.php?rest_route=\/wp\/v2\/media\/329468"}],"wp:attachment":[{"href":"https:\/\/diariodominicano.com\/index.php?rest_route=%2Fwp%2Fv2%2Fmedia&parent=432947"}],"wp:term":[{"taxonomy":"category","embeddable":true,"href":"https:\/\/diariodominicano.com\/index.php?rest_route=%2Fwp%2Fv2%2Fcategories&post=432947"},{"taxonomy":"post_tag","embeddable":true,"href":"https:\/\/diariodominicano.com\/index.php?rest_route=%2Fwp%2Fv2%2Ftags&post=432947"}],"curies":[{"name":"wp","href":"https:\/\/api.w.org\/{rel}","templated":true}]}}