{"id":432923,"date":"2023-04-19T13:54:10","date_gmt":"2023-04-19T17:54:10","guid":{"rendered":"http:\/\/diariodominicano.com\/?p=432923"},"modified":"2023-04-19T13:57:23","modified_gmt":"2023-04-19T17:57:23","slug":"pn-apresa-a-papitin-por-la-comision-de-diversos-robos-cometidos-en-santiago","status":"publish","type":"post","link":"https:\/\/diariodominicano.com\/?p=432923","title":{"rendered":"PN apresa a Joel Rodr\u00edguez L\u00f3pez \u201cPapitin\u201d por la comisi\u00f3n de diversos robos cometidos en Santiago"},"content":{"rendered":"\n<p><strong>Santiago de los Caballeros, 19 de Abril del 2023.-<\/strong>&nbsp;Durante labores de seguimiento, fue apresado   por agentes investigativos y preventivos de esta Direcci\u00f3n Regional Cibao Central, Joel Rodr\u00edguez L\u00f3pez (a) Papitin a quien se le atribuyen varios robos cometidos a mano armada en diferentes sectores de Santiago.<\/p>\n\n\n\n<p>Joel Rodr\u00edguez L\u00f3pez (a) Papitin, de 20 a\u00f1os,  era buscado mediante&nbsp;&nbsp;\u00f3rdenes de arrestos.<\/p>\n\n\n\n<p>Entre los robos cometidos se le atribuye haber&nbsp;&nbsp;enca\u00f1onado a un ciudadano junto&nbsp;&nbsp;a su familia, mientras se encontraban en su negocio de comidas r\u00e1pida en Gurabo, encerr\u00e1ndolo en el a\u00e9rea del ba\u00f1o, llevando al denunciante&nbsp;&nbsp;al&nbsp;&nbsp;\u00e1rea de la caja y sustrayendo&nbsp;&nbsp;la suma de&nbsp;&nbsp;$325 mil pesos en efectivo, en un hecho registrado el pasado 6 de este mes en la comunidad de Gurabo.<\/p>\n\n\n\n<p>Adem\u00e1s&nbsp;&nbsp;en su contra tiene la orden judicial, No. 02682-2023, por haber despojado de la motocicleta marca Honda, modelo C50 CDI, color verde, a\u00f1o 1994, placa No. K1703185, chasis No. AA011710084, al se\u00f1or&nbsp;&nbsp;Juan Carlos Valenzuela Francisco el 14 de febrero de este a\u00f1o.<\/p>\n\n\n\n<p>Tambi\u00e9n figura con la orden de arresto No. 02659-2023, por robo del motor&nbsp;&nbsp;modelo CG-200, color negro, a\u00f1o 2014, placa No. K0567605, el pasado 06 de este mes en curso, en el sector Guatapanal del municipio la Canela, propiedad de Belkis Altagracia Mart\u00ednez.<\/p>\n\n\n\n<p>El detenido al ser entrevistado con relaci\u00f3n a los hechos que se le imputan, admiti\u00f3 haberlo cometidos, el mismo se encuentra en poder del Ministerio P\u00fablico para fines de sometimiento.<\/p>\n\n\n\n<p><strong>OFICINA DE INFORMACI\u00d3N Y COMUNICACIONES ESTRAT\u00c9GICAS DIRECCI\u00d3N REGIONAL CIBAO CENTRAL DE LA POLIC\u00cdA NACIONAL.<\/strong><\/p>\n\n\n\n<p>policia nacional<a target=\"_blank\" href=\"mailto:npolicia14@gmail.com\" rel=\"noreferrer noopener\">npolicia14@gmail.com<\/a><\/p>\n","protected":false},"excerpt":{"rendered":"<p>Santiago de los Caballeros, 19 de Abril del 2023.-&nbsp;Durante labores de seguimiento, fue apresado por agentes investigativos y preventivos de esta Direcci\u00f3n Regional Cibao Central, Joel Rodr\u00edguez L\u00f3pez (a) Papitin a quien se le atribuyen varios robos cometidos a mano armada en diferentes sectores de Santiago. Joel Rodr\u00edguez L\u00f3pez (a) Papitin, de 20 a\u00f1os, era [&hellip;]<\/p>\n","protected":false},"author":28,"featured_media":412163,"comment_status":"closed","ping_status":"","sticky":true,"template":"","format":"standard","meta":{"footnotes":""},"categories":[29,27],"tags":[],"class_list":["post-432923","post","type-post","status-publish","format-standard","has-post-thumbnail","hentry","category-policiasucesos","category-portada"],"_links":{"self":[{"href":"https:\/\/diariodominicano.com\/index.php?rest_route=\/wp\/v2\/posts\/432923","targetHints":{"allow":["GET"]}}],"collection":[{"href":"https:\/\/diariodominicano.com\/index.php?rest_route=\/wp\/v2\/posts"}],"about":[{"href":"https:\/\/diariodominicano.com\/index.php?rest_route=\/wp\/v2\/types\/post"}],"author":[{"embeddable":true,"href":"https:\/\/diariodominicano.com\/index.php?rest_route=\/wp\/v2\/users\/28"}],"replies":[{"embeddable":true,"href":"https:\/\/diariodominicano.com\/index.php?rest_route=%2Fwp%2Fv2%2Fcomments&post=432923"}],"version-history":[{"count":3,"href":"https:\/\/diariodominicano.com\/index.php?rest_route=\/wp\/v2\/posts\/432923\/revisions"}],"predecessor-version":[{"id":432926,"href":"https:\/\/diariodominicano.com\/index.php?rest_route=\/wp\/v2\/posts\/432923\/revisions\/432926"}],"wp:featuredmedia":[{"embeddable":true,"href":"https:\/\/diariodominicano.com\/index.php?rest_route=\/wp\/v2\/media\/412163"}],"wp:attachment":[{"href":"https:\/\/diariodominicano.com\/index.php?rest_route=%2Fwp%2Fv2%2Fmedia&parent=432923"}],"wp:term":[{"taxonomy":"category","embeddable":true,"href":"https:\/\/diariodominicano.com\/index.php?rest_route=%2Fwp%2Fv2%2Fcategories&post=432923"},{"taxonomy":"post_tag","embeddable":true,"href":"https:\/\/diariodominicano.com\/index.php?rest_route=%2Fwp%2Fv2%2Ftags&post=432923"}],"curies":[{"name":"wp","href":"https:\/\/api.w.org\/{rel}","templated":true}]}}