{"id":432919,"date":"2023-04-19T13:45:56","date_gmt":"2023-04-19T17:45:56","guid":{"rendered":"http:\/\/diariodominicano.com\/?p=432919"},"modified":"2023-04-19T13:47:39","modified_gmt":"2023-04-19T17:47:39","slug":"pn-reporta-recupero-tres-vehiculos-sustraidos-a-sus-propietarios-apresa-cuatro-personas-por-robo-y-violencia-de-genero-en-santiago","status":"publish","type":"post","link":"https:\/\/diariodominicano.com\/?p=432919","title":{"rendered":"PN reporta recuper\u00f3 tres veh\u00edculos sustra\u00eddos a sus propietarios, apresa cuatro personas por robo y violencia de g\u00e9nero en Santiago"},"content":{"rendered":"\n<p><\/p>\n\n\n\n<p>Santiago de los Caballeros, 19 de Abril del 2023.- En las \u00faltimas 24 horas, agentes de investigaciones y preventivos de esta de esta Direcci\u00f3n Regional Cibao Central, apresaron cuatro personas por la comisi\u00f3n de diversos hechos il\u00edcitos, que van desde robo, violencia de g\u00e9nero y adem\u00e1s se recuperaron varios veh\u00edculos que hab\u00edan sido reportados como sustra\u00eddos a sus propietarios en diferentes sectores de esta ciudad.<\/p>\n\n\n\n<p>Agentes de la Divisi\u00f3n de Veh\u00edculos Recuperados, localizaron abandonado el veh\u00edculo marca Toyota, modelo Corolla CE, color dorado, a\u00f1o 1992, placa No. A124331, chasis No. 1NXAE91A3NZ372557, as\u00ed mismo fue recuperado el veh\u00edculo marca Toyota, modelo Corrola DX, color azul, a\u00f1o 1993, placa No. A321583, chasis No. JT2AE04E2P0038523, los mismos fueron reportados como robados.<\/p>\n\n\n\n<p>Otro veh\u00edculo recuperado es el marca Toyota, modelo PICK UP, color rojo, a\u00f1o 1986, placa No. L074896, chasis No. JT4RN50RXG0200897, al momento de presentarse a realizar una certificaci\u00f3n para fines de traspaso y al ser depurada por el Encargado C\u00f3mputos de Certificaciones, la misma figura con denuncia como robada en el a\u00f1o 2004.<\/p>\n\n\n\n<p>Por violencia de g\u00e9nero fue apresado Jonathan De Jes\u00fas Padilla Ure\u00f1a (a) Joan, por tener orden de arresto en su contra No. 10737-2022, tras vociferarle a una f\u00e9mina palabras obscenas y amenazarla de muerte.<\/p>\n\n\n\n<p>Adem\u00e1s Faustino Antonio Tav\u00e1rez (a) La Pichar, tambi\u00e9n fue arrestado con la orden de arresto en su contra No. 02742-2023, por amenaza de muerte a su pareja sentimental.<\/p>\n\n\n\n<p>Por robo fueron detenidos Feliz Wardy Espinal Garc\u00eda, por tener orden de arresto No. 02770-2023, quien a mano armada enca\u00f1on\u00f3 y despoj\u00f3 de la suma de $3,000.00 pesos y un celular a una mujer, mientras se dispon\u00eda a salir de la sucursal de una Banca de Loter\u00eda, ubicada en el sector Pek\u00edn.<\/p>\n\n\n\n<p>Otro apresado es Pedro Polanco Gil apodado \u201cHian El Cojo\u201d, por el hecho de tener en su contra dos \u00f3rdenes de arrestos Nos. 02473-2023, No. 02490-2023, por robo en casas habitadas.<\/p>\n\n\n\n<p>OFICINA DE INFORMACI\u00d3N Y COMUNICACIONES ESTRAT\u00c9GICAS DIRECCI\u00d3N REGIONAL CIBAO CENTRAL DE LA POLIC\u00cdA NACIONAL.<\/p>\n\n\n\n<p>policia nacional<a target=\"_blank\" href=\"mailto:npolicia14@gmail.com\" rel=\"noreferrer noopener\">npolicia14@gmail.com<\/a><\/p>\n","protected":false},"excerpt":{"rendered":"<p>Santiago de los Caballeros, 19 de Abril del 2023.- En las \u00faltimas 24 horas, agentes de investigaciones y preventivos de esta de esta Direcci\u00f3n Regional Cibao Central, apresaron cuatro personas por la comisi\u00f3n de diversos hechos il\u00edcitos, que van desde robo, violencia de g\u00e9nero y adem\u00e1s se recuperaron varios veh\u00edculos que hab\u00edan sido reportados como [&hellip;]<\/p>\n","protected":false},"author":28,"featured_media":324836,"comment_status":"closed","ping_status":"","sticky":true,"template":"","format":"standard","meta":{"footnotes":""},"categories":[29,27],"tags":[],"class_list":["post-432919","post","type-post","status-publish","format-standard","has-post-thumbnail","hentry","category-policiasucesos","category-portada"],"_links":{"self":[{"href":"https:\/\/diariodominicano.com\/index.php?rest_route=\/wp\/v2\/posts\/432919","targetHints":{"allow":["GET"]}}],"collection":[{"href":"https:\/\/diariodominicano.com\/index.php?rest_route=\/wp\/v2\/posts"}],"about":[{"href":"https:\/\/diariodominicano.com\/index.php?rest_route=\/wp\/v2\/types\/post"}],"author":[{"embeddable":true,"href":"https:\/\/diariodominicano.com\/index.php?rest_route=\/wp\/v2\/users\/28"}],"replies":[{"embeddable":true,"href":"https:\/\/diariodominicano.com\/index.php?rest_route=%2Fwp%2Fv2%2Fcomments&post=432919"}],"version-history":[{"count":3,"href":"https:\/\/diariodominicano.com\/index.php?rest_route=\/wp\/v2\/posts\/432919\/revisions"}],"predecessor-version":[{"id":432922,"href":"https:\/\/diariodominicano.com\/index.php?rest_route=\/wp\/v2\/posts\/432919\/revisions\/432922"}],"wp:featuredmedia":[{"embeddable":true,"href":"https:\/\/diariodominicano.com\/index.php?rest_route=\/wp\/v2\/media\/324836"}],"wp:attachment":[{"href":"https:\/\/diariodominicano.com\/index.php?rest_route=%2Fwp%2Fv2%2Fmedia&parent=432919"}],"wp:term":[{"taxonomy":"category","embeddable":true,"href":"https:\/\/diariodominicano.com\/index.php?rest_route=%2Fwp%2Fv2%2Fcategories&post=432919"},{"taxonomy":"post_tag","embeddable":true,"href":"https:\/\/diariodominicano.com\/index.php?rest_route=%2Fwp%2Fv2%2Ftags&post=432919"}],"curies":[{"name":"wp","href":"https:\/\/api.w.org\/{rel}","templated":true}]}}