{"id":432847,"date":"2023-04-19T12:13:55","date_gmt":"2023-04-19T16:13:55","guid":{"rendered":"http:\/\/diariodominicano.com\/?p=432847"},"modified":"2023-04-19T12:13:55","modified_gmt":"2023-04-19T16:13:55","slug":"haiti-evans-paul-dice-es-arbitraria-medida-que-niega-su-entrada-a-republica-dominicana","status":"publish","type":"post","link":"https:\/\/diariodominicano.com\/?p=432847","title":{"rendered":"Hait\u00ed, Evans Paul dice es arbitraria medida que niega su entrada a Rep\u00fablica Dominicana"},"content":{"rendered":"\n<p>diariodominicano.com<\/p>\n\n\n\n<p>Puerto Pr\u00edncipe, 19 abr (Prensa Latina) El ex primer ministro haitiano Evans Paul calific\u00f3 hoy de arbitraria la decisi\u00f3n de Rep\u00fablica Dominicana de incluirlo en la lista de personas que presuntamente promueven la violencia y negarle la entrada a ese pa\u00eds.<\/p>\n\n\n\n<p>El exfuncionario sugiri\u00f3 a Radio M\u00e9tropele que podr\u00eda constituir una represalia a medidas adoptadas durante su Gobierno para proteger las producciones nacionales.<\/p>\n\n\n\n<div class=\"wp-block-image\"><figure class=\"alignleft size-full is-resized\"><img decoding=\"async\" src=\"https:\/\/diariodominicano.com\/wp-content\/uploads\/2023\/04\/Haiti-Ex-Primer-Ministro-de-Haiti-Evans-Paul-19-4-23.jpg\" alt=\"\" class=\"wp-image-432848\" width=\"-285\" height=\"-356\" srcset=\"https:\/\/diariodominicano.com\/wp-content\/uploads\/2023\/04\/Haiti-Ex-Primer-Ministro-de-Haiti-Evans-Paul-19-4-23.jpg 640w, https:\/\/diariodominicano.com\/wp-content\/uploads\/2023\/04\/Haiti-Ex-Primer-Ministro-de-Haiti-Evans-Paul-19-4-23-240x300.jpg 240w\" sizes=\"(max-width: 640px) 100vw, 640px\" \/><\/figure><\/div>\n\n\n\n<p>En 2015 Paul prohibi\u00f3 la entrada a Hait\u00ed de 23 productos de origen dominicano para facilitar el control de calidad necesario y proteger a la poblaci\u00f3n, record\u00f3 el exjefe de Gobierno y se\u00f1al\u00f3 que los afectados por esa disposici\u00f3n no tardaron en reaccionar.<\/p>\n\n\n\n<p>\u201cNo me molesta no poder ir a la Rep\u00fablica Dominicana. No suelo salir de Hait\u00ed. No tengo ning\u00fan inter\u00e9s personal en un pa\u00eds extranjero. No tengo negocios en el extranjero. No tengo bienes all\u00ed. No es un problema personal, pero me pregunto qu\u00e9 motiva una decisi\u00f3n as\u00ed\u201d, afirm\u00f3 Paul.<\/p>\n\n\n\n<p>El pasado domingo el presidente Luis Abinader orden\u00f3 impedir el ingreso al pa\u00eds de varios pol\u00edticos haitianos, entre ellos los ex primeros ministros Laurent Lamonthe y Evans Paul, el expresidente de la C\u00e1mara alta Youri Latortue, exsenadores como Gracia Delva y Cheramy, e incluso el defensor de los derechos humanos Pierre Esper\u00e1nce.<\/p>\n\n\n\n<p>El jefe de Estado dispuso la misma medida contra haitianos sospechosos de liderar o pertenecer a pandillas o que tuvieron conflictos con el sistema de justicia de su pa\u00eds.<\/p>\n\n\n\n<p>Rep\u00fablica Dominicana es el tercer pa\u00eds que abiertamente sancion\u00f3 a ciudadanos de Hait\u00ed tras Estados Unidos y Canad\u00e1, en medio de un contexto de auge de la violencia, expansi\u00f3n de los grupos armados principalmente en la capital, as\u00ed como aumento de los asesinatos y secuestros.<\/p>\n\n\n\n<p>Con la nueva lista se eleva a 50 las personas que tienen prohibida la entrada al vecino pa\u00eds en momentos en que se tensaron las relaciones entre las dos naciones.<\/p>\n\n\n\n<p>mem\/ane<\/p>\n","protected":false},"excerpt":{"rendered":"<p>diariodominicano.com Puerto Pr\u00edncipe, 19 abr (Prensa Latina) El ex primer ministro haitiano Evans Paul calific\u00f3 hoy de arbitraria la decisi\u00f3n de Rep\u00fablica Dominicana de incluirlo en la lista de personas que presuntamente promueven la violencia y negarle la entrada a ese pa\u00eds. El exfuncionario sugiri\u00f3 a Radio M\u00e9tropele que podr\u00eda constituir una represalia a medidas [&hellip;]<\/p>\n","protected":false},"author":5,"featured_media":432850,"comment_status":"closed","ping_status":"","sticky":true,"template":"","format":"standard","meta":{"footnotes":""},"categories":[112,23,27],"tags":[],"class_list":["post-432847","post","type-post","status-publish","format-standard","has-post-thumbnail","hentry","category-haiti","category-internacional","category-portada"],"_links":{"self":[{"href":"https:\/\/diariodominicano.com\/index.php?rest_route=\/wp\/v2\/posts\/432847","targetHints":{"allow":["GET"]}}],"collection":[{"href":"https:\/\/diariodominicano.com\/index.php?rest_route=\/wp\/v2\/posts"}],"about":[{"href":"https:\/\/diariodominicano.com\/index.php?rest_route=\/wp\/v2\/types\/post"}],"author":[{"embeddable":true,"href":"https:\/\/diariodominicano.com\/index.php?rest_route=\/wp\/v2\/users\/5"}],"replies":[{"embeddable":true,"href":"https:\/\/diariodominicano.com\/index.php?rest_route=%2Fwp%2Fv2%2Fcomments&post=432847"}],"version-history":[{"count":1,"href":"https:\/\/diariodominicano.com\/index.php?rest_route=\/wp\/v2\/posts\/432847\/revisions"}],"predecessor-version":[{"id":432851,"href":"https:\/\/diariodominicano.com\/index.php?rest_route=\/wp\/v2\/posts\/432847\/revisions\/432851"}],"wp:featuredmedia":[{"embeddable":true,"href":"https:\/\/diariodominicano.com\/index.php?rest_route=\/wp\/v2\/media\/432850"}],"wp:attachment":[{"href":"https:\/\/diariodominicano.com\/index.php?rest_route=%2Fwp%2Fv2%2Fmedia&parent=432847"}],"wp:term":[{"taxonomy":"category","embeddable":true,"href":"https:\/\/diariodominicano.com\/index.php?rest_route=%2Fwp%2Fv2%2Fcategories&post=432847"},{"taxonomy":"post_tag","embeddable":true,"href":"https:\/\/diariodominicano.com\/index.php?rest_route=%2Fwp%2Fv2%2Ftags&post=432847"}],"curies":[{"name":"wp","href":"https:\/\/api.w.org\/{rel}","templated":true}]}}