{"id":432842,"date":"2023-04-19T11:51:13","date_gmt":"2023-04-19T15:51:13","guid":{"rendered":"http:\/\/diariodominicano.com\/?p=432842"},"modified":"2023-04-19T12:23:04","modified_gmt":"2023-04-19T16:23:04","slug":"fiscalia-obtiene-10-anos-de-prision-contra-hombre-que-agredio-sexualmente-a-nina-de-ocho-anos-de-edad-en-invivienda","status":"publish","type":"post","link":"https:\/\/diariodominicano.com\/?p=432842","title":{"rendered":"Condenan a 10 a\u00f1os de prisi\u00f3n a un hombre que agredi\u00f3 sexualmente a ni\u00f1a de ocho a\u00f1os de edad en Invivienda"},"content":{"rendered":"\n<p>diariodominicano.com<\/p>\n\n\n\n<p><strong>Santo Domingo Este,  R. D.,  19 de abril, 2023.-&nbsp;<\/strong>La Fiscal\u00eda de Santo Domingo Este y Norte obtuvo una condena de 10 a\u00f1os de prisi\u00f3n en contra de un hombre que agredi\u00f3 sexualmente a una menor de ocho a\u00f1os de edad, en un suceso ocurrido en el a\u00f1o 2021, en el sector Invivienda.<\/p>\n\n\n\n<p>La condena le fue impuesta por el Quinto Tribunal Colegiado de esta jurisdicci\u00f3n, que preside el juez Julio Aybar Ortiz, a Wilson Fern\u00e1ndez Bel\u00e9n, quien cumplir\u00e1 la sentencia en el Centro de Correcci\u00f3n y Rehabilitaci\u00f3n Najayo Hombres, en San Crist\u00f3bal.<\/p>\n\n\n\n<p>Aybar Ortiz fue hallado culpable de cometer el hecho delictivo en perjuicio de la ni\u00f1a, cuyo nombre se omite para cuidar su identidad.&nbsp;<\/p>\n\n\n\n<p>Los fiscales Ivette Mateo y Jonathan Eusebio mostraron ante el tribunal, con pruebas testimoniales, periciales y documentales, que el hoy condenado falt\u00f3 a los art\u00edculos 330 y 332-1 del C\u00f3digo Penal Dominicano,&nbsp; modificado por la Ley 24-97, que tipifican y sancionan la agresi\u00f3n sexual cometida con violencia, constre\u00f1imiento, amenaza, sorpresa y enga\u00f1o, y los art\u00edculos 12, 13, 14, 15, 17, 18 y 396, del C\u00f3digo para la Protecci\u00f3n y los Derechos Fundamentales de los Ni\u00f1os, Ni\u00f1as y Adolescentes (Ley 136-03).<\/p>\n\n\n\n<p>El proceso penal en contra del agresor se inici\u00f3 con la denuncia del padre de la v\u00edctima, sobre las agresiones a las cuales su hija hab\u00eda sido sometida desde los cinco a\u00f1os de edad.&nbsp;<\/p>\n\n\n\n<p>El informe psicol\u00f3gico realizado a la menor de edad por las autoridades, corrobor\u00f3 que Fern\u00e1ndez Bel\u00e9n cometi\u00f3 la agresi\u00f3n y luego amenaz\u00f3 a la v\u00edctima.&nbsp;<\/p>\n\n\n\n<p>Fuente:  Direcci\u00f3n General de Comunicaci\u00f3n, Prensa, y RRPP<\/p>\n\n\n\n<p>Ministerio P\u00fablico.&nbsp;R.D.<\/p>\n\n\n\n<p>Mi\u00e9rcoles, 19 de abril de 2023<\/p>\n","protected":false},"excerpt":{"rendered":"<p>diariodominicano.com Santo Domingo Este, R. D., 19 de abril, 2023.-&nbsp;La Fiscal\u00eda de Santo Domingo Este y Norte obtuvo una condena de 10 a\u00f1os de prisi\u00f3n en contra de un hombre que agredi\u00f3 sexualmente a una menor de ocho a\u00f1os de edad, en un suceso ocurrido en el a\u00f1o 2021, en el sector Invivienda. La condena [&hellip;]<\/p>\n","protected":false},"author":5,"featured_media":368341,"comment_status":"closed","ping_status":"","sticky":true,"template":"","format":"standard","meta":{"footnotes":""},"categories":[24,29,27],"tags":[],"class_list":["post-432842","post","type-post","status-publish","format-standard","has-post-thumbnail","hentry","category-justicia-y-derecho","category-policiasucesos","category-portada"],"_links":{"self":[{"href":"https:\/\/diariodominicano.com\/index.php?rest_route=\/wp\/v2\/posts\/432842","targetHints":{"allow":["GET"]}}],"collection":[{"href":"https:\/\/diariodominicano.com\/index.php?rest_route=\/wp\/v2\/posts"}],"about":[{"href":"https:\/\/diariodominicano.com\/index.php?rest_route=\/wp\/v2\/types\/post"}],"author":[{"embeddable":true,"href":"https:\/\/diariodominicano.com\/index.php?rest_route=\/wp\/v2\/users\/5"}],"replies":[{"embeddable":true,"href":"https:\/\/diariodominicano.com\/index.php?rest_route=%2Fwp%2Fv2%2Fcomments&post=432842"}],"version-history":[{"count":3,"href":"https:\/\/diariodominicano.com\/index.php?rest_route=\/wp\/v2\/posts\/432842\/revisions"}],"predecessor-version":[{"id":432856,"href":"https:\/\/diariodominicano.com\/index.php?rest_route=\/wp\/v2\/posts\/432842\/revisions\/432856"}],"wp:featuredmedia":[{"embeddable":true,"href":"https:\/\/diariodominicano.com\/index.php?rest_route=\/wp\/v2\/media\/368341"}],"wp:attachment":[{"href":"https:\/\/diariodominicano.com\/index.php?rest_route=%2Fwp%2Fv2%2Fmedia&parent=432842"}],"wp:term":[{"taxonomy":"category","embeddable":true,"href":"https:\/\/diariodominicano.com\/index.php?rest_route=%2Fwp%2Fv2%2Fcategories&post=432842"},{"taxonomy":"post_tag","embeddable":true,"href":"https:\/\/diariodominicano.com\/index.php?rest_route=%2Fwp%2Fv2%2Ftags&post=432842"}],"curies":[{"name":"wp","href":"https:\/\/api.w.org\/{rel}","templated":true}]}}