{"id":43282,"date":"2019-07-16T01:33:25","date_gmt":"2019-07-16T01:33:25","guid":{"rendered":"http:\/\/diariodominicano.ddns.net\/?p=43282"},"modified":"2019-07-16T01:33:25","modified_gmt":"2019-07-16T01:33:25","slug":"por-nuestros-emigrantes","status":"publish","type":"post","link":"https:\/\/diariodominicano.com\/?p=43282","title":{"rendered":"POR NUESTROS EMIGRANTES"},"content":{"rendered":"<p><body><\/p>\n<p>EL TIRO RAPIDO<\/p>\n<\/p>\n<p>POR NUESTROS EMIGRANTES<\/p>\n<\/p>\n<\/p>\n<p>\u00bfA cu\u00e1nto asciende la cantidad de dominicanos residentes en los Estados Unidos?<\/p>\n<\/p>\n<\/p>\n<p>\u00bfCu\u00e1ntos de ellos pudieran resultar afectados por las nuevas pol\u00edticas restrictivas y persecutorias promovidas por el presidente Donald Trump, a tenor de una de las principales promesas de la campa\u00f1a que lo llev\u00f3 a convertirse en hu\u00e9sped de la Casa Blanca?<\/p>\n<\/p>\n<\/p>\n<p>\u00bfQu\u00e9 tipo de estrategia preventiva se ha elaborado para ofrecerle asistencia legal y protecci\u00f3n a quienes se encuentren en situaci\u00f3n vulnerable y pasibles de ser deportados?<\/p>\n<\/p>\n<\/p>\n<p>Para nadie es secreto, y mucho menos para el gobierno que a trav\u00e9s de las informaciones que le suple el Banco Central est\u00e1 muy al tanto de la importancia que para la econom\u00eda del pa\u00eds revisten las remesas que env\u00edan nuestras comunidades en el exterior, tres cuartas partes o m\u00e1s provienen de los Estados Unidos.<\/p>\n<\/p>\n<\/p>\n<p>Esas remesas aportan el segundo o tercer mayor volumen de las divisas que recibimos y que contribuyen  a sustentar en buena medida nuestras compras al exterior.<\/p>\n<\/p>\n<\/p>\n<p>Pero adem\u00e1s representan un factor de gran importancia en la reducci\u00f3n de la pobreza de muchas familias, cuyos menguados ingresos cuentan con el valioso complemento de los env\u00edos de ayuda que reciben de sus parientes en el exterior.  Dejar de recibirlos representar\u00eda un duro golpe que afectar\u00eda de manera dram\u00e1tica sus niveles de subsistencia.<\/p>\n<\/p>\n<\/p>\n<p>A esos dos elementos se agregar\u00eda eventualmente un tercero de no menor consideraci\u00f3n.  Es el que representar\u00eda la posible deportaci\u00f3n masiva de emigrantes dominicanos cuyo status residencial pudiera verse cuestionado a tenor de las nuevas y m\u00e1s r\u00edgidas pol\u00edticas migratorias del gobierno estadounidense.<\/p>\n<\/p>\n<\/p>\n<p>Con muy escasas posibilidades de lograr empleo en un mercado laboral de tan limitada oferta, una parte pasar\u00eda a engrosar el todav\u00eda elevado contingente de los desocupados e  incrementar los \u00edndices de pobreza y pobreza extrema; en tanto otra, empujada por la necesidad de subsistir pudiera dedicarse a actividades il\u00edcitas.<\/p>\n<\/p>\n<\/p>\n<p>Por primera vez el pa\u00eds cuenta con un dominicano de origen en la C\u00e1mara de Representantes de los Estados Unidos.  Adriano Espaillat, despu\u00e9s de  una laboriosa y exitosa carrera pol\u00edtica en Nueva York, logr\u00f3 escalar ese importante pelda\u00f1o. Es una voz que se deja sentir y que ha tomado activo partido a favor de los inmigrantes, en particular la comunidad dominicana. <\/p>\n<\/p>\n<\/p>\n<p>Es una buena oportunidad para con el y a trav\u00e9s y en coordinaci\u00f3n con nuestra embajada articular planes de contingencia en defensa de los nuestros que pudieran ver en riesgo su permanencia en los Estados Unidos, donde gran parte de los cuales llevan viviendo muchos a\u00f1os, e inclusive procreado hijos nacidos en ese pa\u00eds.<\/p>\n<\/p>\n<\/p>\n<p>Por lo general nunca nos hemos destacado por prever situaciones negativas y elaborar estrategias anticipadas para enfrentarlas. Casi siempre  esperamos que el agua nos llegue al cuello para salir braceando y mantenernos a flote a duras penas,  ganados por la errada filosof\u00eda de que la carga se empareja en el camino.<\/p>\n<\/p>\n<\/p>\n<p>Lo que nos ha ocurrido con el turismo es prueba palpable y mas reciente. Conscientes de que somos un destino altamente competido y una actividad en extremo sensible no se tuvo la precauci\u00f3n de preparar con anticipaci\u00f3n y mantener en reservar un plan de emergencia capaz de dar respuesta r\u00e1pida y efectiva a situaciones imprevistas que como ha ocurrido pudieran ser aprovechadas para desarrollar interesadas campa\u00f1as de descr\u00e9dito contra tan vital sector de la econom\u00eda.<\/p>\n<\/p>\n<\/p>\n<p>De desear que no ocurra as\u00ed en este caso donde las se\u00f1ales que env\u00eda el gobierno de Trump son tan evidentes como amenazantes.<\/p>\n<\/p>\n<\/p>\n<\/p>\n<\/p>\n<\/p>\n<h6> 2019-07-16 01:33:25 <\/h6>\n<p><!--\n<link rel=\"stylesheet\" href=\"css\/bootstrap.min.css\">\n\n\n<ul class=\"pagination\">\n\t    \n\t\n\n<li >\n\t<a href='?page_no=620'>Previous<\/a>\n\t<\/li>\n\n\n       \n    \n\n<li><a href='?page_no=1'>1<\/a><\/li>\n\n\n\n<li><a href='?page_no=2'>2<\/a><\/li>\n\n\n\n<li><a>...<\/a><\/li>\n\n\n\n<li><a href='?page_no=619'>619<\/a><\/li>\n\n\n\n<li><a href='?page_no=620'>620<\/a><\/li>\n\n\n\n<li class='active'><a>621<\/a><\/li>\n\n\n\n<li><a href='?page_no=622'>622<\/a><\/li>\n\n\n\n<li><a href='?page_no=623'>623<\/a><\/li>\n\n\n\n<li><a>...<\/a><\/li>\n\n\n\n<li><a href='?page_no=13611'>13611<\/a><\/li>\n\n\n\n<li><a href='?page_no=13612'>13612<\/a><\/li>\n\n    \n\t\n\n<li >\n\t<a href='?page_no=622'>Next<\/a>\n\t<\/li>\n\n\n    \n\n<li><a href='?page_no=13612'>Last &rsaquo;&rsaquo;<\/a><\/li>\n\n<\/ul>\n\n\n--><br \/>\n<\/body><\/p>\n","protected":false},"excerpt":{"rendered":"<p>EL TIRO RAPIDO POR NUESTROS EMIGRANTES \u00bfA cu\u00e1nto asciende la cantidad de dominicanos residentes en los Estados Unidos? \u00bfCu\u00e1ntos de ellos pudieran resultar afectados por las nuevas pol\u00edticas restrictivas y persecutorias promovidas por el presidente Donald Trump, a tenor de una de las principales promesas de la campa\u00f1a que lo llev\u00f3 a convertirse en hu\u00e9sped [&hellip;]<\/p>\n","protected":false},"author":3,"featured_media":0,"comment_status":"open","ping_status":"open","sticky":false,"template":"","format":"standard","meta":{"footnotes":""},"categories":[16],"tags":[],"class_list":["post-43282","post","type-post","status-publish","format-standard","hentry","category-opiniones"],"_links":{"self":[{"href":"https:\/\/diariodominicano.com\/index.php?rest_route=\/wp\/v2\/posts\/43282","targetHints":{"allow":["GET"]}}],"collection":[{"href":"https:\/\/diariodominicano.com\/index.php?rest_route=\/wp\/v2\/posts"}],"about":[{"href":"https:\/\/diariodominicano.com\/index.php?rest_route=\/wp\/v2\/types\/post"}],"author":[{"embeddable":true,"href":"https:\/\/diariodominicano.com\/index.php?rest_route=\/wp\/v2\/users\/3"}],"replies":[{"embeddable":true,"href":"https:\/\/diariodominicano.com\/index.php?rest_route=%2Fwp%2Fv2%2Fcomments&post=43282"}],"version-history":[{"count":0,"href":"https:\/\/diariodominicano.com\/index.php?rest_route=\/wp\/v2\/posts\/43282\/revisions"}],"wp:attachment":[{"href":"https:\/\/diariodominicano.com\/index.php?rest_route=%2Fwp%2Fv2%2Fmedia&parent=43282"}],"wp:term":[{"taxonomy":"category","embeddable":true,"href":"https:\/\/diariodominicano.com\/index.php?rest_route=%2Fwp%2Fv2%2Fcategories&post=43282"},{"taxonomy":"post_tag","embeddable":true,"href":"https:\/\/diariodominicano.com\/index.php?rest_route=%2Fwp%2Fv2%2Ftags&post=43282"}],"curies":[{"name":"wp","href":"https:\/\/api.w.org\/{rel}","templated":true}]}}