{"id":432429,"date":"2023-04-17T18:31:01","date_gmt":"2023-04-17T22:31:01","guid":{"rendered":"http:\/\/diariodominicano.com\/?p=432429"},"modified":"2023-04-17T20:35:00","modified_gmt":"2023-04-18T00:35:00","slug":"la-fiscalia-de-santiago-solicita-prision-preventiva-contra-hombre-que-golpeo-y-mantuvo-en-cautiverio-a-expareja","status":"publish","type":"post","link":"https:\/\/diariodominicano.com\/?p=432429","title":{"rendered":"La Fiscal\u00eda de Santiago solicita prisi\u00f3n preventiva contra hombre que golpe\u00f3 y mantuvo en cautiverio a expareja"},"content":{"rendered":"\n<p><em><u>La v\u00edctima fue rescatada por la Polic\u00eda Naciona, bajo la coordinaci\u00f3n de la Fiscal\u00eda de Santiago, y cumpliendo los protocolos de ley<\/u><\/em><em><u><\/u><\/em><\/p>\n\n\n\n<p>SANTIAGO, Rep\u00fablica Dominicana.- La Fiscal\u00eda de Santiago solicit\u00f3 que se impongan medidas de coerci\u00f3n contra un hombre que manten\u00eda en cautiverio a su expareja sentimental a la cual someti\u00f3 a actos de tortura y otros abusos psicol\u00f3gicos, en tanto que le imped\u00eda tener contacto con familiares, mientras la manten\u00eda encerrada en su residencia en un barrio al sur de esta ciudad.&nbsp;&nbsp;<\/p>\n\n\n\n<p>La mujer, de 25 a\u00f1os de edad, fue salvajemente golpeada por el imputado V\u00edctor Manuel Santana Ure\u00f1a, quien intent\u00f3 estrangularla varias veces, sumi\u00e9ndola al confinamiento y bajo amenazas de muerte si intentaba comunicarse con familiares, amigos o vecinos.&nbsp;&nbsp;<\/p>\n\n\n\n<p>En un momento en que su verdugo dorm\u00eda, la mujer utiliz\u00f3 la red social Facebook para pedir auxilio, ofreciendo detalles de su estado en cautiverio y la direcci\u00f3n donde se encontraba, por lo que la Polic\u00eda Nacional, bajo la coordinaci\u00f3n de la Fiscal\u00eda de Santiago, y cumpliendo los protocolos de ley, ejecut\u00f3 su rescate.&nbsp;&nbsp;<\/p>\n\n\n\n<p>Las autoridades confirmaron el hecho grave por las marcas visibles de violencia que presentaba la v\u00edctima.&nbsp;&nbsp;<\/p>\n\n\n\n<p>En medio del operativo de rescate, en una de las habitaciones de la vivienda, los organismos actuantes se ocuparon, adem\u00e1s, de 87 libras de un vegetal que podr\u00eda ser marihuana, por lo que, en presencia del imputado, los agentes hicieron constar, en acta el levantamiento, la sustancia.&nbsp;&nbsp;<\/p>\n\n\n\n<p>En la instancia de solicitud de medidas de coerci\u00f3n depositada contra Santana Ure\u00f1a ante la Oficina Judicial de Servicios de Atenci\u00f3n Permanente, constan los informes m\u00e9dicos forenses de las evaluaciones practicadas a la v\u00edctima y que han revelado profundas secuelas de afectaci\u00f3n de su salud f\u00edsica y emocional.&nbsp;&nbsp;<\/p>\n\n\n\n<p>La Fiscal\u00eda de Santiago considera pertinente que el tribunal imponga la prisi\u00f3n preventiva contra el imputado, en tanto que es la medida id\u00f3nea para garantizar su presencia en todos los actos del proceso, adem\u00e1s porque garantiza la seguridad de la v\u00edctima.&nbsp;&nbsp;<\/p>\n\n\n\n<p>Este \u00f3rgano investigador le otorg\u00f3 al proceso la calificaci\u00f3n jur\u00eddica provisional descrita en los art\u00edculos 309-1, 309-2 y 309-3 literales B, E y F del C\u00f3digo Penal Dominicano, modificados por la Ley 24-97, en los que se sanciona la violencia de g\u00e9nero e intrafamiliar agravada, cometidos en perjuicio de la v\u00edctima, de cuya identidad se hace reserva para proteger su derecho a la intimidad y evitar revictimizarla.&nbsp;&nbsp;<\/p>\n\n\n\n<p>Adem\u00e1s, en contra del procesado, pesan cargos por violaci\u00f3n a los art\u00edculos 4, letra D; 6, letra A; 8, categor\u00eda I, ac\u00e1pite III, c\u00f3digo 7360; as\u00ed tambi\u00e9n el art\u00edculo 9, letra F; los subsiguientes 28, 58 y 75 p\u00e1rrafo II, as\u00ed como el 85, letra J, de la Ley 50-88 sobre Drogas y Sustancias Controladas, en la categor\u00eda de traficante.&nbsp;&nbsp;<\/p>\n\n\n\n<p>Todo acto de violencia de g\u00e9nero e intrafamiliar y delitos sexuales, que atenten contra la vida e integridad de mujeres o ni\u00f1as debe denunciarse a trav\u00e9s de la L\u00ednea Vida al 809-200-1202 y por nuestras plataformas digitales, destac\u00f3 el \u00f3rgano investigador.&nbsp;<\/p>\n\n\n\n<p>Direcci\u00f3n General de Comunicaci\u00f3n, Prensa, y RRPP<\/p>\n\n\n\n<p>Ministerio P\u00fablico.&nbsp;R.D.<\/p>\n\n\n\n<p>Lunes, 17 de abril de 2023&#8230;.<\/p>\n\n\n\n<p><\/p>\n\n\n\n<p><strong>Polic\u00eda Nacional ante  llamado de auxilio<\/strong>: la versi\u00f3n policial<\/p>\n\n\n\n<figure class=\"wp-block-image size-full\"><img loading=\"lazy\" decoding=\"async\" width=\"768\" height=\"1024\" src=\"https:\/\/diariodominicano.com\/wp-content\/uploads\/2023\/04\/image-5.png\" alt=\"\" class=\"wp-image-432500\" srcset=\"https:\/\/diariodominicano.com\/wp-content\/uploads\/2023\/04\/image-5.png 768w, https:\/\/diariodominicano.com\/wp-content\/uploads\/2023\/04\/image-5-225x300.png 225w\" sizes=\"auto, (max-width: 768px) 100vw, 768px\" \/><\/figure>\n\n\n\n<p><strong>PN recupera f\u00e9mina raptada en Santiago, apresa presunto autor y le ocupan una indeterminada cantidad de sustancias il\u00edcitas.<\/strong><\/p>\n\n\n\n<p><strong>-El detenido era buscado por ultimar a un hombre y herir a otro de arma de fuego en Santiago y Villa los Alm\u00e1cigos.<\/strong><\/p>\n\n\n\n<p><strong>Santiago de los Caballeros, 17 de Abril del 2023.-&nbsp;<\/strong>Ante llamadode auxilio v\u00eda redes sociales, un&nbsp;&nbsp;contingente policial perteneciente a esta Direcci\u00f3n Regional Cibao Central, encabezada por agentes de la sub Direcci\u00f3n de&nbsp;&nbsp;Inteligencia, recuperaron una mujer que se encontraba raptada y apresaron&nbsp;&nbsp;su ex pareja sentimental, autor del hecho,&nbsp;&nbsp;le ocupan sustancias il\u00edcitas en el sector Pek\u00edn de esta ciudad.<\/p>\n\n\n\n<p>El detenido es V\u00edctor Manuel Santana Ure\u00f1a, quien se encontraba en la residencia donde&nbsp;&nbsp;fue encontrada la joven Marielis Suriel Pichardo, ubicada en el en el Hoyo de Warly, barrio Cristo Rey del referido sector.<\/p>\n\n\n\n<p>La Polic\u00eda se\u00f1al\u00f3 que la&nbsp;&nbsp;intervenci\u00f3n fue realizada, tras recibir un mensaje de alerta por las redes sociales,&nbsp;&nbsp;solicitando ayuda en nombre de la v\u00edctima, quien manifest\u00f3 que la misma estaba siendo golpeada y obligada a estar con \u00e9l, actuando la uniformada de manera inmediata al llamado, logrando resolver dicho caso.<\/p>\n\n\n\n<p>Agrega tambi\u00e9n que al momento de realizar dicha inspecci\u00f3n a la casa, tambi\u00e9n fue decomisada la cantidad 15 pacas y 16 paquetes de presunta marihuana, as\u00ed como&nbsp;&nbsp;tres celulares.<\/p>\n\n\n\n<p>Santana Ure\u00f1a&nbsp;&nbsp;al ser depurado en los archivos policiales figura con una orden de arresto No. 1486-2022,&nbsp;&nbsp;por haber herido en una persona con arma de fuego el 5 de Febrero&nbsp;&nbsp;del 2022 en Santiago y perseguido por ultimar a Braulio Lami&nbsp;&nbsp;Mena, en un hecho registrado en el municipio de Villa los Alm\u00e1cigos de la provincia Santiago Rodr\u00edguez el 2 de Octubre del pasado a\u00f1o.<\/p>\n\n\n\n<p>El detenido y lo ocupado ser\u00e1n puestos a disposici\u00f3n de la justicia en las pr\u00f3ximas horas para los fines correspondientes de ley.<\/p>\n\n\n\n<p><strong>OFICINA DE INFORMACI\u00d3N Y COMUNICACIONES ESTRAT\u00c9GICAS DIRECCI\u00d3N REGIONAL CIBAO CENTRAL DE LA POLIC\u00cdA NACIONAL.<\/strong><\/p>\n","protected":false},"excerpt":{"rendered":"<p>La v\u00edctima fue rescatada por la Polic\u00eda Naciona, bajo la coordinaci\u00f3n de la Fiscal\u00eda de Santiago, y cumpliendo los protocolos de ley SANTIAGO, Rep\u00fablica Dominicana.- La Fiscal\u00eda de Santiago solicit\u00f3 que se impongan medidas de coerci\u00f3n contra un hombre que manten\u00eda en cautiverio a su expareja sentimental a la cual someti\u00f3 a actos de tortura [&hellip;]<\/p>\n","protected":false},"author":28,"featured_media":302166,"comment_status":"closed","ping_status":"","sticky":true,"template":"","format":"standard","meta":{"footnotes":""},"categories":[24,29,27],"tags":[],"class_list":["post-432429","post","type-post","status-publish","format-standard","has-post-thumbnail","hentry","category-justicia-y-derecho","category-policiasucesos","category-portada"],"_links":{"self":[{"href":"https:\/\/diariodominicano.com\/index.php?rest_route=\/wp\/v2\/posts\/432429","targetHints":{"allow":["GET"]}}],"collection":[{"href":"https:\/\/diariodominicano.com\/index.php?rest_route=\/wp\/v2\/posts"}],"about":[{"href":"https:\/\/diariodominicano.com\/index.php?rest_route=\/wp\/v2\/types\/post"}],"author":[{"embeddable":true,"href":"https:\/\/diariodominicano.com\/index.php?rest_route=\/wp\/v2\/users\/28"}],"replies":[{"embeddable":true,"href":"https:\/\/diariodominicano.com\/index.php?rest_route=%2Fwp%2Fv2%2Fcomments&post=432429"}],"version-history":[{"count":3,"href":"https:\/\/diariodominicano.com\/index.php?rest_route=\/wp\/v2\/posts\/432429\/revisions"}],"predecessor-version":[{"id":432501,"href":"https:\/\/diariodominicano.com\/index.php?rest_route=\/wp\/v2\/posts\/432429\/revisions\/432501"}],"wp:featuredmedia":[{"embeddable":true,"href":"https:\/\/diariodominicano.com\/index.php?rest_route=\/wp\/v2\/media\/302166"}],"wp:attachment":[{"href":"https:\/\/diariodominicano.com\/index.php?rest_route=%2Fwp%2Fv2%2Fmedia&parent=432429"}],"wp:term":[{"taxonomy":"category","embeddable":true,"href":"https:\/\/diariodominicano.com\/index.php?rest_route=%2Fwp%2Fv2%2Fcategories&post=432429"},{"taxonomy":"post_tag","embeddable":true,"href":"https:\/\/diariodominicano.com\/index.php?rest_route=%2Fwp%2Fv2%2Ftags&post=432429"}],"curies":[{"name":"wp","href":"https:\/\/api.w.org\/{rel}","templated":true}]}}