{"id":43226,"date":"2019-07-19T16:56:12","date_gmt":"2019-07-19T16:56:12","guid":{"rendered":"http:\/\/diariodominicano.ddns.net\/?p=43226"},"modified":"2019-07-19T16:56:12","modified_gmt":"2019-07-19T16:56:12","slug":"tenemos-que-decir-presente","status":"publish","type":"post","link":"https:\/\/diariodominicano.com\/?p=43226","title":{"rendered":"&#13;TENEMOS QUE DECIR PRESENTE"},"content":{"rendered":"<p><body><\/p>\n<p>EL TIRO RAPIDO<\/p>\n<\/p>\n<p>TENEMOS QUE DECIR PRESENTE<\/p>\n<\/p>\n<\/p>\n<p>Tal como era de suponer y esperar y ha sido labor tenaz que ha venido llevando a cabo desde que se dejaron escuchar los primeros vagidos de la campa\u00f1a anti-inmigratoria del gobierno norteamericano, Adriano Espaillat, primer y \u00fanico dominicano de origen que ha logrado ocupar un esca\u00f1o en la C\u00e1mara de Representantes de los Estados Unidos, ha venido desplegando una tenaz labor de orientaci\u00f3n y defensa sobre todo a favor de nuestra comunidad asentada en su mayor parte en la ciudad de Nueva York, que es precisamente su base pol\u00edtica.<\/p>\n<\/p>\n<\/p>\n<p>La informaci\u00f3n que llega desde la Gran Manzana da cuenta de que Espaillat y su equipo de colaboradores han estado entregando folletos informativos a los inmigrantes residentes en el Alto Manhattan, donde consignan los derechos legales que les asisten en caso de verse acosados por las autoridades migratorias y el comportamiento que deben asumir, siempre dentro del marco de la ley, para hacer valer los mismos. <\/p>\n<\/p>\n<\/p>\n<p>Entre dichas medidas defensivas  cuenta el hecho de que en caso de que agentes de Migraci\u00f3n o de la Polic\u00eda se le acerquen a una persona, esta no est\u00e1 obligado a decir su nombre pudiendo permanecer callada. Tambi\u00e9n si llegan a su domicilio no tienen por qu\u00e9 dejarlos entrar, exigiendo le muestren una orden de allanamiento  firmada por un juez,  ya sea a trav\u00e9s de una ventana o desliz\u00e1ndola por debajo de la puerta.<\/p>\n<\/p>\n<\/p>\n<p>En  caso de que las autoridades penetren en su casa sin orden v\u00e1lida, pedirles sus nombres y n\u00fameros de identificaci\u00f3n y permanecer callados hasta ver a un abogado.  De ser detenidos es el mismo derecho a guardar silencio y negarse a firmar cualquier documento sin la presencia  y asesoramiento de un abogado.<\/p>\n<\/p>\n<\/p>\n<p>Espaillat ha venido brindando asistencia y apoyo as\u00ed como orientando a la comunidad dominicana, especialmente en la zona de Washington Heighs, donde  residen miles de compatriotas que se encuentra en condici\u00f3n de ilegales los cuales pudieran verse afectados por las normas restrictivas que est\u00e1 poniendo en pr\u00e1ctica el gobierno estadounidense con riesgo de deportaci\u00f3n.<\/p>\n<\/p>\n<\/p>\n<p>Hasta ahora, seg\u00fan informa el propio Espaillat, solo ha habido 2 intentos de arresto contra dominicanos que no han podido cumplirse porque los agentes carec\u00edan de una orden oficial firmada por un juez federal.<\/p>\n<\/p>\n<\/p>\n<p>Es de saludar y resaltar este valioso trabajo que est\u00e1 llevando el legislador dominicano en defensa de nuestra comunidad asentada espec\u00edficamente en Nueva York, donde se concentra la mayor parte de nuestros compatriotas aunque no es la \u00fanica ya que hay importantes n\u00facleos asentados en Boston, Miami y otros lugares de los Estados Unidos.<\/p>\n<\/p>\n<\/p>\n<p>Pero es hora tambi\u00e9n de no dejarlo solo en esta importante cruzada en la que nuestras autoridades tienen que decir presentes y prestar su mayor colaboraci\u00f3n.  Las razones son m\u00faltiples, del m\u00e1s alto inter\u00e9s  y sobradamente conocidas.   Imperdonable no hacerlo as\u00ed.<\/p>\n<\/p>\n<\/p>\n<h6> 2019-07-19 16:56:12 <\/h6>\n<p><!--\n<link rel=\"stylesheet\" href=\"css\/bootstrap.min.css\">\n\n\n<ul class=\"pagination\">\n\t    \n\t\n\n<li >\n\t<a href='?page_no=615'>Previous<\/a>\n\t<\/li>\n\n\n       \n    \n\n<li><a href='?page_no=1'>1<\/a><\/li>\n\n\n\n<li><a href='?page_no=2'>2<\/a><\/li>\n\n\n\n<li><a>...<\/a><\/li>\n\n\n\n<li><a href='?page_no=614'>614<\/a><\/li>\n\n\n\n<li><a href='?page_no=615'>615<\/a><\/li>\n\n\n\n<li class='active'><a>616<\/a><\/li>\n\n\n\n<li><a href='?page_no=617'>617<\/a><\/li>\n\n\n\n<li><a href='?page_no=618'>618<\/a><\/li>\n\n\n\n<li><a>...<\/a><\/li>\n\n\n\n<li><a href='?page_no=13611'>13611<\/a><\/li>\n\n\n\n<li><a href='?page_no=13612'>13612<\/a><\/li>\n\n    \n\t\n\n<li >\n\t<a href='?page_no=617'>Next<\/a>\n\t<\/li>\n\n\n    \n\n<li><a href='?page_no=13612'>Last &rsaquo;&rsaquo;<\/a><\/li>\n\n<\/ul>\n\n\n--><br \/>\n<\/body><\/p>\n","protected":false},"excerpt":{"rendered":"<p>EL TIRO RAPIDO TENEMOS QUE DECIR PRESENTE Tal como era de suponer y esperar y ha sido labor tenaz que ha venido llevando a cabo desde que se dejaron escuchar los primeros vagidos de la campa\u00f1a anti-inmigratoria del gobierno norteamericano, Adriano Espaillat, primer y \u00fanico dominicano de origen que ha logrado ocupar un esca\u00f1o en [&hellip;]<\/p>\n","protected":false},"author":3,"featured_media":0,"comment_status":"open","ping_status":"open","sticky":false,"template":"","format":"standard","meta":{"footnotes":""},"categories":[16],"tags":[],"class_list":["post-43226","post","type-post","status-publish","format-standard","hentry","category-opiniones"],"_links":{"self":[{"href":"https:\/\/diariodominicano.com\/index.php?rest_route=\/wp\/v2\/posts\/43226","targetHints":{"allow":["GET"]}}],"collection":[{"href":"https:\/\/diariodominicano.com\/index.php?rest_route=\/wp\/v2\/posts"}],"about":[{"href":"https:\/\/diariodominicano.com\/index.php?rest_route=\/wp\/v2\/types\/post"}],"author":[{"embeddable":true,"href":"https:\/\/diariodominicano.com\/index.php?rest_route=\/wp\/v2\/users\/3"}],"replies":[{"embeddable":true,"href":"https:\/\/diariodominicano.com\/index.php?rest_route=%2Fwp%2Fv2%2Fcomments&post=43226"}],"version-history":[{"count":0,"href":"https:\/\/diariodominicano.com\/index.php?rest_route=\/wp\/v2\/posts\/43226\/revisions"}],"wp:attachment":[{"href":"https:\/\/diariodominicano.com\/index.php?rest_route=%2Fwp%2Fv2%2Fmedia&parent=43226"}],"wp:term":[{"taxonomy":"category","embeddable":true,"href":"https:\/\/diariodominicano.com\/index.php?rest_route=%2Fwp%2Fv2%2Fcategories&post=43226"},{"taxonomy":"post_tag","embeddable":true,"href":"https:\/\/diariodominicano.com\/index.php?rest_route=%2Fwp%2Fv2%2Ftags&post=43226"}],"curies":[{"name":"wp","href":"https:\/\/api.w.org\/{rel}","templated":true}]}}