{"id":432081,"date":"2023-04-15T15:27:55","date_gmt":"2023-04-15T19:27:55","guid":{"rendered":"http:\/\/diariodominicano.com\/?p=432081"},"modified":"2023-04-15T15:27:55","modified_gmt":"2023-04-15T19:27:55","slug":"la-oficina-judicial-de-servicios-de-atencion-permanente-de-santiago-impone-tres-meses-prision-preventiva-a-tres-miembros-de-una-estructura-criminal-de-sicarios","status":"publish","type":"post","link":"https:\/\/diariodominicano.com\/?p=432081","title":{"rendered":"La Oficina Judicial de Servicios de Atenci\u00f3n Permanente de Santiago impone  tres meses  prisi\u00f3n preventiva a tres miembros de una estructura criminal de sicarios"},"content":{"rendered":"\n<p><\/p>\n\n\n\n<p><em><u>Un cuarto miembro deber\u00e1 pagar una garant\u00eda econ\u00f3mica<\/u><\/em><\/p>\n\n\n\n<p><strong>SANTIAGO (Rep\u00fablica Dominicana).-&nbsp;<\/strong>La Oficina Judicial de Servicios de Atenci\u00f3n Permanente de Santiago acogi\u00f3 la solicitud de la Fiscal\u00eda de este distrito judicial e impuso medida de coerci\u00f3n consistente en prisi\u00f3n preventiva y garant\u00eda econ\u00f3mica contra los integrantes de una estructura criminal que cometi\u00f3 sicariato y otros delitos en el municipio de Navarrete.<\/p>\n\n\n\n<p>La jueza Estephanie Santiago Reyes, acogi\u00f3 los elementos probatorios que la Fiscal\u00eda puso a su disposici\u00f3n y que revelan la vinculaci\u00f3n de los imputados con asesinatos y otros delitos, apoyada en esos argumentos, la magistrada orden\u00f3 el cumplimiento de tres meses de prisi\u00f3n preventiva contra Cristian Mart\u00ednez Jim\u00e9nez, Dar\u00edo Tom\u00e1s Cruz Polanco y Daniela Mu\u00f1oz Rodr\u00edguez.<\/p>\n\n\n\n<p>La juzgadora tambi\u00e9n orden\u00f3 al imputado Javier Francisco Disla el pago de una garant\u00eda econ\u00f3mica de $500,000 pesos a trav\u00e9s de una compa\u00f1\u00eda aseguradora, impedimento de salida del pa\u00eds y presentaci\u00f3n peri\u00f3dica.<\/p>\n\n\n\n<p>El \u00f3rgano persecutor ha establecido en la solicitud de medida de coerci\u00f3n que los cuatro imputados se constituyeron en asociaci\u00f3n de malhechores para asesinar a Nicaury Ortega Reynoso y Joel Mart\u00ednez Minaya, en un hecho ocurrido en el municipio de Navarrete, en septiembre del 2022.<\/p>\n\n\n\n<p>Los imputados tambi\u00e9n est\u00e1n vinculados con actividades del narcotr\u00e1fico.&nbsp;<\/p>\n\n\n\n<p>A partir de los hechos, el Ministerio P\u00fablico otorg\u00f3 al proceso la calificaci\u00f3n jur\u00eddica establecida en los art\u00edculos 265, 266, 296, 297 y 302 del C\u00f3digo Penal Dominicano, que castigan los delitos de asociaci\u00f3n de malhechores y asesinato.<\/p>\n\n\n\n<p>Entre las pruebas recolectadas por el Ministerio P\u00fablico se encuentran armas de fuego, ropas, un casco protector y otros elementos utilizados por los imputados en la comisi\u00f3n de los hechos.<\/p>\n\n\n\n<p><strong>Direcci\u00f3n General de Comunicaci\u00f3n, Prensa, y RRPP<\/strong><\/p>\n\n\n\n<p>Ministerio P\u00fablico.&nbsp;R.D.<\/p>\n\n\n\n<p>S\u00e1bado, 15 de abril de 2023&#8230;<\/p>\n\n\n\n<p>[Mensaje recortado]&nbsp;&nbsp;<a href=\"https:\/\/mail.google.com\/mail\/u\/0?ui=2&amp;ik=624f457a1b&amp;view=lg&amp;permmsgid=msg-f%3A1763262863677764438&amp;ser=1\" target=\"_blank\" rel=\"noreferrer noopener\">Ver todo el mensaje<\/a><\/p>\n","protected":false},"excerpt":{"rendered":"<p>Un cuarto miembro deber\u00e1 pagar una garant\u00eda econ\u00f3mica SANTIAGO (Rep\u00fablica Dominicana).-&nbsp;La Oficina Judicial de Servicios de Atenci\u00f3n Permanente de Santiago acogi\u00f3 la solicitud de la Fiscal\u00eda de este distrito judicial e impuso medida de coerci\u00f3n consistente en prisi\u00f3n preventiva y garant\u00eda econ\u00f3mica contra los integrantes de una estructura criminal que cometi\u00f3 sicariato y otros delitos [&hellip;]<\/p>\n","protected":false},"author":28,"featured_media":302166,"comment_status":"closed","ping_status":"","sticky":true,"template":"","format":"standard","meta":{"footnotes":""},"categories":[24,29,27],"tags":[],"class_list":["post-432081","post","type-post","status-publish","format-standard","has-post-thumbnail","hentry","category-justicia-y-derecho","category-policiasucesos","category-portada"],"_links":{"self":[{"href":"https:\/\/diariodominicano.com\/index.php?rest_route=\/wp\/v2\/posts\/432081","targetHints":{"allow":["GET"]}}],"collection":[{"href":"https:\/\/diariodominicano.com\/index.php?rest_route=\/wp\/v2\/posts"}],"about":[{"href":"https:\/\/diariodominicano.com\/index.php?rest_route=\/wp\/v2\/types\/post"}],"author":[{"embeddable":true,"href":"https:\/\/diariodominicano.com\/index.php?rest_route=\/wp\/v2\/users\/28"}],"replies":[{"embeddable":true,"href":"https:\/\/diariodominicano.com\/index.php?rest_route=%2Fwp%2Fv2%2Fcomments&post=432081"}],"version-history":[{"count":1,"href":"https:\/\/diariodominicano.com\/index.php?rest_route=\/wp\/v2\/posts\/432081\/revisions"}],"predecessor-version":[{"id":432082,"href":"https:\/\/diariodominicano.com\/index.php?rest_route=\/wp\/v2\/posts\/432081\/revisions\/432082"}],"wp:featuredmedia":[{"embeddable":true,"href":"https:\/\/diariodominicano.com\/index.php?rest_route=\/wp\/v2\/media\/302166"}],"wp:attachment":[{"href":"https:\/\/diariodominicano.com\/index.php?rest_route=%2Fwp%2Fv2%2Fmedia&parent=432081"}],"wp:term":[{"taxonomy":"category","embeddable":true,"href":"https:\/\/diariodominicano.com\/index.php?rest_route=%2Fwp%2Fv2%2Fcategories&post=432081"},{"taxonomy":"post_tag","embeddable":true,"href":"https:\/\/diariodominicano.com\/index.php?rest_route=%2Fwp%2Fv2%2Ftags&post=432081"}],"curies":[{"name":"wp","href":"https:\/\/api.w.org\/{rel}","templated":true}]}}