{"id":43204,"date":"2019-07-21T14:53:18","date_gmt":"2019-07-21T14:53:18","guid":{"rendered":"http:\/\/diariodominicano.ddns.net\/?p=43204"},"modified":"2019-07-21T14:53:18","modified_gmt":"2019-07-21T14:53:18","slug":"hugo-siempre-abril-2","status":"publish","type":"post","link":"https:\/\/diariodominicano.com\/?p=43204","title":{"rendered":"HUGO: \u00a1SIEMPRE ABRIL!"},"content":{"rendered":"<p><body><\/p>\n<\/p>\n<p>                                                                                             <strong>                 Por Narciso Isa Conde<\/strong><\/p>\n<\/p>\n<\/p>\n<p>Esta semana recibimos la noticia del fallecimiento de Hugo Tolentino Dipp.<\/p>\n<\/p>\n<p>Concluy\u00f3 a los 88 a\u00f1os una vida, que m\u00e1s que elogios vac\u00edos de contenidos y distantes de su ejemplo, merece que sus calidades sean asumidas y convertidas en referencias inspiradoras de una nueva intelectualidad contestar\u00eda.<\/p>\n<\/p>\n<p>Voy a decir de \u00e9l lo que el sistema dominante de la post-verdad quiere ocultar.<\/p>\n<\/p>\n<p>Hugo no solo se adhiri\u00f3 a la causa anti-trujillista mientras estudiaba en Par\u00eds, sino que cabalg\u00f3 en la dial\u00e9ctica marxista, incursion\u00f3 en las entra\u00f1as de la lucha clases y los nefastos poderes colonizadores&#8230; hasta abrazar una concepci\u00f3n que desafi\u00f3 la dominante historiograf\u00eda tradicional, simplemente descriptiva y cronol\u00f3gica.<\/p>\n<\/p>\n<p>De \u00e9l, Andresito Avelino, Silvano, Guarocuya Batista&#8230; nos llegaba, siendo mozalbetes universitarios, el valor de su exilio e inquietudes sociales; impuls\u00e1ndonos, primero a luchar  por su retorno, y luego por su ingreso a la joven UASD.<\/p>\n<\/p>\n<p>M\u00e1s tarde Lul\u00fa y yo compartimos con Hugo y Silvano una camarader\u00eda y solidaridad humana muy especial, m\u00e1s all\u00e1 de avatares, roles y distancias impuestas por circunstancias adversas.<\/p>\n<\/p>\n<p>Hugo se convirti\u00f3 en profesor-l\u00edder de los estudiantes de Fragua en la Escuela de Sociolog\u00eda. Hugo, Andr\u00e9s, Silvano, acompa\u00f1ando a Pedro Mir y Pericles Franco, se incorporaron a la intelectualidad del PSP-PCD antes y durante la Revoluci\u00f3n de Abril y Guerra Patria. Sus nombres sonaron en la lista de los comunistas estigmatizados por la Voz de Am\u00e9rica-VOA y su antiimperialismo creci\u00f3 y perdur\u00f3.<\/p>\n<\/p>\n<p>Hugo combati\u00f3 en la Zona Norte de la Capital insurrecta, fue pieza clave de la brillante Canciller\u00eda Constitucionalista encabezada por Jottin Cury y elabor\u00f3 junto a Caama\u00f1o los discursos del Gobierno en Armas; menos uno, escrito por el poeta Abelardo Vicioso.<\/p>\n<\/p>\n<p>Insobornable y combativo frente al balaguerismo, a los designios imperialistas y al pernicioso reeleccionismo desp\u00f3tico, su posterior integraci\u00f3n al entorno de Pe\u00f1a G\u00f3mez y finalmente al PRD, tuvo la virtud de que nunca fue absorbido por la degradaci\u00f3n \u00e9tico-moral, la re-negaci\u00f3n del antiimperialismo y el paso al neoliberalismo de esa corriente pol\u00edtica.<\/p>\n<\/p>\n<p>Marc\u00f3 la diferencia como golondrina, que si bien no hac\u00eda verano a su interior, volaba alto en la sociedad&#8230; al punto que su antiimperialismo y su \u00e9tica consecuente motiv\u00f3 su renuncia como Canciller del Gobierno de Hip\u00f3lito Mej\u00eda.<\/p>\n<\/p>\n<p>Verg\u00fcenza deber\u00eda darle, pero no la tienen, a quienes post-morten lo elogian representando  a la vez facciones pol\u00edticas corruptas o respaldando, por acci\u00f3n u omisi\u00f3n, el saqueo imperialista y el grotesco intervencionismo fascistoide de Trump y Pompeo, aqu\u00ed y en Nuestra Am\u00e9rica. !Doble moral!<\/p>\n<\/p>\n<h6> 2019-07-21 14:53:18 <\/h6>\n<p><!--\n<link rel=\"stylesheet\" href=\"css\/bootstrap.min.css\">\n\n\n<ul class=\"pagination\">\n\t    \n\t\n\n<li >\n\t<a href='?page_no=613'>Previous<\/a>\n\t<\/li>\n\n\n       \n    \n\n<li><a href='?page_no=1'>1<\/a><\/li>\n\n\n\n<li><a href='?page_no=2'>2<\/a><\/li>\n\n\n\n<li><a>...<\/a><\/li>\n\n\n\n<li><a href='?page_no=612'>612<\/a><\/li>\n\n\n\n<li><a href='?page_no=613'>613<\/a><\/li>\n\n\n\n<li class='active'><a>614<\/a><\/li>\n\n\n\n<li><a href='?page_no=615'>615<\/a><\/li>\n\n\n\n<li><a href='?page_no=616'>616<\/a><\/li>\n\n\n\n<li><a>...<\/a><\/li>\n\n\n\n<li><a href='?page_no=13611'>13611<\/a><\/li>\n\n\n\n<li><a href='?page_no=13612'>13612<\/a><\/li>\n\n    \n\t\n\n<li >\n\t<a href='?page_no=615'>Next<\/a>\n\t<\/li>\n\n\n    \n\n<li><a href='?page_no=13612'>Last &rsaquo;&rsaquo;<\/a><\/li>\n\n<\/ul>\n\n\n--><br \/>\n<\/body><\/p>\n","protected":false},"excerpt":{"rendered":"<p>Por Narciso Isa Conde Esta semana recibimos la noticia del fallecimiento de Hugo Tolentino Dipp. Concluy\u00f3 a los 88 a\u00f1os una vida, que m\u00e1s que elogios vac\u00edos de contenidos y distantes de su ejemplo, merece que sus calidades sean asumidas y convertidas en referencias inspiradoras de una nueva intelectualidad contestar\u00eda. Voy a decir de \u00e9l [&hellip;]<\/p>\n","protected":false},"author":3,"featured_media":0,"comment_status":"open","ping_status":"open","sticky":false,"template":"","format":"standard","meta":{"footnotes":""},"categories":[16],"tags":[],"class_list":["post-43204","post","type-post","status-publish","format-standard","hentry","category-opiniones"],"_links":{"self":[{"href":"https:\/\/diariodominicano.com\/index.php?rest_route=\/wp\/v2\/posts\/43204","targetHints":{"allow":["GET"]}}],"collection":[{"href":"https:\/\/diariodominicano.com\/index.php?rest_route=\/wp\/v2\/posts"}],"about":[{"href":"https:\/\/diariodominicano.com\/index.php?rest_route=\/wp\/v2\/types\/post"}],"author":[{"embeddable":true,"href":"https:\/\/diariodominicano.com\/index.php?rest_route=\/wp\/v2\/users\/3"}],"replies":[{"embeddable":true,"href":"https:\/\/diariodominicano.com\/index.php?rest_route=%2Fwp%2Fv2%2Fcomments&post=43204"}],"version-history":[{"count":0,"href":"https:\/\/diariodominicano.com\/index.php?rest_route=\/wp\/v2\/posts\/43204\/revisions"}],"wp:attachment":[{"href":"https:\/\/diariodominicano.com\/index.php?rest_route=%2Fwp%2Fv2%2Fmedia&parent=43204"}],"wp:term":[{"taxonomy":"category","embeddable":true,"href":"https:\/\/diariodominicano.com\/index.php?rest_route=%2Fwp%2Fv2%2Fcategories&post=43204"},{"taxonomy":"post_tag","embeddable":true,"href":"https:\/\/diariodominicano.com\/index.php?rest_route=%2Fwp%2Fv2%2Ftags&post=43204"}],"curies":[{"name":"wp","href":"https:\/\/api.w.org\/{rel}","templated":true}]}}