{"id":432004,"date":"2023-04-15T08:51:38","date_gmt":"2023-04-15T12:51:38","guid":{"rendered":"http:\/\/diariodominicano.com\/?p=432004"},"modified":"2023-04-15T09:11:47","modified_gmt":"2023-04-15T13:11:47","slug":"mide-explica-incidente-en-que-murio-ciudadano-haitiano-asegura-no-se-produjo-violacion-de-la-frontera","status":"publish","type":"post","link":"https:\/\/diariodominicano.com\/?p=432004","title":{"rendered":"MIDE explica incidente en que muri\u00f3 ciudadano haitiano; Asegura no se produjo violaci\u00f3n de la frontera"},"content":{"rendered":"\n<p><strong>MIDE:  La intervenci\u00f3n de la Polic\u00eda de Hait\u00ed y el despliegue de personal militar del CESFRONT del lado dominicano contribuy\u00f3 a calmar la situaci\u00f3n. Pero, mientras, se permiti\u00f3 a todos los veh\u00edculos haitianos regresar al territorio de su pa\u00eds antes del cierre de la puerta de acceso que existe en la verja que separa ambos pa\u00edses en ese punto de la frontera. <\/strong><\/p>\n\n\n\n<p>El Ministerio de Defensa (MIDE) precis\u00f3 que el incidente que se registr\u00f3 en el paso fronterizo de Jiman\u00ed no produjo el ingreso desordenado de camiones y ciudadanos de Hait\u00ed a territorio dominicano como se est\u00e1 difundiendo en redes sociales y medios digitales.<\/p>\n\n\n\n<p>En un comunicado de prensa el MIDE precisa que \u00abEste jueves 13 de abril a media ma\u00f1ana, explica, un oficial del Ej\u00e9rcito Rep\u00fablica Dominicana de servicio en la frontera en la zona de Jiman\u00ed detuvo un cami\u00f3n que transitaba en forma inapropiada en el mercado Los Limones junto a la frontera\u00bb.<\/p>\n\n\n\n<p>Asegura el MIDE, que el conductor de nacionalidad haitiana reaccion\u00f3 en forma violenta y atac\u00f3 al oficial con el apoyo de otros compa\u00f1eros de su pa\u00eds, situaci\u00f3n en la que el soldado se vio obligado a defenderse y en el forceje\u00f3 se produjo un disparo que hiri\u00f3 dos nacionales del vecino pa\u00eds.<\/p>\n\n\n\n<p>Uno de ellos muri\u00f3 mientras era atendido en el hospital de Jiman\u00ed. Fue entregado a sus familiares y cuando estos regresaban a territorio haitiano con el cad\u00e1ver, reporta el CESFRONT, en la comunidad vecina del lado haitiano se produjo un desorden y algunos comenzaron a lanzar botellas para el territorio dominicano. Efectivos policiales haitianos reprimieron la protesta con gases lacrim\u00f3genos.<\/p>\n\n\n\n<p>Los camioneros haitianos parqueados en el lado dominicano, al ver la situaci\u00f3n, explica la nota de prensa, comenzaron a regresar r\u00e1pidamente a su territorio antes de que el Cuerpo Especializado de Seguridad Fronteriza Terrestre (CESFRONT), cerrara la puerta de acceso, medida que se adopta cuando se registran incidentes, como forma de cortar el tr\u00e1fico de personas y veh\u00edculos.<\/p>\n\n\n\n<p>La intervenci\u00f3n de la Polic\u00eda de Hait\u00ed y el despliegue de personal militar del CESFRONT del lado dominicano contribuy\u00f3 a calmar la situaci\u00f3n. Pero, mientras, se permiti\u00f3 a todos los veh\u00edculos haitianos regresar al territorio de su pa\u00eds antes del cierre de la puerta de acceso que existe en la verja que separa ambos pa\u00edses en ese punto de la frontera.<\/p>\n\n\n\n<p>\u201cLamentamos una vez m\u00e1s la forma irresponsable en que algunas personas usan las redes sociales y otros medios digitales para difundir datos e im\u00e1genes sobre temas de la frontera, acompa\u00f1ados de informaci\u00f3n que no se corresponde con la verdad, y distorsionan los hechos para alarmar a la sociedad\u201d, dice la declaraci\u00f3n del MIDE.<\/p>\n\n\n\n<p>Prensa Mide<a target=\"_blank\" href=\"mailto:prensaj5mide@gmail.com\" rel=\"noreferrer noopener\">prensaj5mide@gmail.com<\/a><\/p>\n\n\n\n<p><strong><em>Departamento de Prensa<\/em><\/strong><\/p>\n\n\n\n<p><em><strong>Direcci\u00f3n de Asuntos Civiles del Estado Mayor Conjunto, J5<\/strong><\/em><\/p>\n\n\n\n<p><em><strong>Ministerio de Defensa de Rep\u00fablica Dominicana<\/strong><\/em><\/p>\n","protected":false},"excerpt":{"rendered":"<p>MIDE: La intervenci\u00f3n de la Polic\u00eda de Hait\u00ed y el despliegue de personal militar del CESFRONT del lado dominicano contribuy\u00f3 a calmar la situaci\u00f3n. Pero, mientras, se permiti\u00f3 a todos los veh\u00edculos haitianos regresar al territorio de su pa\u00eds antes del cierre de la puerta de acceso que existe en la verja que separa ambos [&hellip;]<\/p>\n","protected":false},"author":28,"featured_media":432005,"comment_status":"closed","ping_status":"","sticky":true,"template":"","format":"standard","meta":{"footnotes":""},"categories":[20,112,29,27],"tags":[],"class_list":["post-432004","post","type-post","status-publish","format-standard","has-post-thumbnail","hentry","category-dominicana-hoy","category-haiti","category-policiasucesos","category-portada"],"_links":{"self":[{"href":"https:\/\/diariodominicano.com\/index.php?rest_route=\/wp\/v2\/posts\/432004","targetHints":{"allow":["GET"]}}],"collection":[{"href":"https:\/\/diariodominicano.com\/index.php?rest_route=\/wp\/v2\/posts"}],"about":[{"href":"https:\/\/diariodominicano.com\/index.php?rest_route=\/wp\/v2\/types\/post"}],"author":[{"embeddable":true,"href":"https:\/\/diariodominicano.com\/index.php?rest_route=\/wp\/v2\/users\/28"}],"replies":[{"embeddable":true,"href":"https:\/\/diariodominicano.com\/index.php?rest_route=%2Fwp%2Fv2%2Fcomments&post=432004"}],"version-history":[{"count":4,"href":"https:\/\/diariodominicano.com\/index.php?rest_route=\/wp\/v2\/posts\/432004\/revisions"}],"predecessor-version":[{"id":432014,"href":"https:\/\/diariodominicano.com\/index.php?rest_route=\/wp\/v2\/posts\/432004\/revisions\/432014"}],"wp:featuredmedia":[{"embeddable":true,"href":"https:\/\/diariodominicano.com\/index.php?rest_route=\/wp\/v2\/media\/432005"}],"wp:attachment":[{"href":"https:\/\/diariodominicano.com\/index.php?rest_route=%2Fwp%2Fv2%2Fmedia&parent=432004"}],"wp:term":[{"taxonomy":"category","embeddable":true,"href":"https:\/\/diariodominicano.com\/index.php?rest_route=%2Fwp%2Fv2%2Fcategories&post=432004"},{"taxonomy":"post_tag","embeddable":true,"href":"https:\/\/diariodominicano.com\/index.php?rest_route=%2Fwp%2Fv2%2Ftags&post=432004"}],"curies":[{"name":"wp","href":"https:\/\/api.w.org\/{rel}","templated":true}]}}