{"id":43182,"date":"2019-07-22T08:46:53","date_gmt":"2019-07-22T08:46:53","guid":{"rendered":"http:\/\/diariodominicano.ddns.net\/?p=43182"},"modified":"2019-07-22T08:46:53","modified_gmt":"2019-07-22T08:46:53","slug":"guerra-comercial-y-reeleccion","status":"publish","type":"post","link":"https:\/\/diariodominicano.com\/?p=43182","title":{"rendered":"\u00abGUERRA COMERCIAL\u00bb Y REELECCI\u00d3N"},"content":{"rendered":"<p><body><\/p>\n<p><strong>FRANKLIN ALMEYDA RANCIER<\/strong><\/p>\n<\/p>\n<p>Entre EE.UU y China hay una \u00abGuerra Comercial\u00bb, en la que el pa\u00eds no debe entrar; ser\u00eda \u00abmeterse en el ojo de un hurac\u00e1n\u00bb o en \u00abel epicentro de un terremoto\u00bb. Peor si el Presidente lo hace para quedarse.<\/p>\n<\/p>\n<p>Se dir\u00e1 que especulo. Pero, como entender por qu\u00e9 Danilo sigue obsesionado en reelegirse, despu\u00e9s de la llamada del Secretario de Estado estadounidense. Rememor\u00e9 a Bosch cuando nos dijo que cuando alguien importante desaf\u00eda, y no es por una causa patri\u00f3tica, alg\u00fan poder est\u00e1 detr\u00e1s.<\/p>\n<\/p>\n<p>La respuesta me la di\u00f3 alguien estimado, en una conversaci\u00f3n sencilla, coment\u00f3 la existencia en el pa\u00eds de \u00abtierras raras\u00bb. Record\u00e9 una informaci\u00f3n reciente de \u00abBBC Mundo\u00bb, del 29\/5\/2019: \u00abGuerra Comercial China Vs EE.UU: \u00bfpueden las tierras raras convertirse en la carta m\u00e1s valiosa de China?\u00bb<\/p>\n<\/p>\n<p>Tambi\u00e9n el pasado 6 de junio, cuando la prensa informaba que el Departamento de Comercio de los Estados Unidos advert\u00eda \u00abque cualquier cese de las exportaciones de tierras raras de China causar\u00eda \u00abshocks significativos\u00bb a las cadenas de distribuci\u00f3n de Estados Unidos y otros pa\u00edses\u00bb<\/p>\n<\/p>\n<p>En esa informaci\u00f3n se explica que: \u00abPoco despu\u00e9s de que el presidente de Estados Unidos, Donald Trump, incluyera a Huawei en un lista negra para evitar que firmas estadounidenses hagan transacciones comerciales con el gigante tecnol\u00f3gico chino, su hom\u00f3logo chino Xi Xinping visit\u00f3 una f\u00e1brica en el sureste del pa\u00eds que procesa minerales raros\u00bb. Esa visita del mandatario chino se interpret\u00f3 como \u00abel preludio de una revancha contra Trump, que podr\u00eda materializarse en una restricci\u00f3n a la exportaci\u00f3n de minerales raros a Estados Unidos\u00bb<\/p>\n<\/p>\n<p>Los minerales raros o tierras raras, son recursos estrat\u00e9gicos; contienen 17 elementos muy utilizados en el sistema tecnol\u00f3gico y digital; se usan en celulares, pantallas, l\u00e1ser, lentes de c\u00e1maras,  motores y memorias de computadoras; tambi\u00e9n en rastreo de petroleras y en industria b\u00e9lica. Es de propiedades magn\u00e9ticas y excelente conductor de la electricidad. El nombre le viene, no porque sea escaso, sino  porque es dif\u00edcil encontrarlos en forma pura. <\/p>\n<\/p>\n<p>China tiene el 80% de la reserva de tierras raras; tienen Brasil, Vietnam, Rusia, India y Australia. En menor proporci\u00f3n Estados Unidos, Canad\u00e1, Sud\u00e1frica, Nigeria y Tailandia.<\/p>\n<\/p>\n<p>\u00bfQu\u00e9 tiene que ver la reelecci\u00f3n con \u00abminerales raros\u00bb o \u00abtierras raras\u00bb? Es que el pa\u00eds tiene yacimientos y el Presidente tiene conocimiento por lo menos de ello desde el 2014. En mayo del 2016 empez\u00f3 a rese\u00f1arse en la prensa nacional: \u00abUna investigaci\u00f3n realizada por el economista y profesor del Instituto Tecnol\u00f3gico (Intec), Luis Vargas, revela el hallazgo de \u00abtierras raras\u00bb en la provincia fronteriza de Pedernales&#8230;\u00bb<\/p>\n<\/p>\n<p>El Presidente Medina dispuso, por el Decreto 430-18, de fecha 19\/11\/2018, hacer Reserva Fiscal Minera \u00abAvila\u00bb, alrededor de 14 mil tareas en Pedernales, por un per\u00edodo de 10 a\u00f1os. <\/p>\n<\/p>\n<p>Unos meses antes, el 1\/5\/2018, Danilo hizo anunciar sorpresivamente, por medio del Consultor Jur\u00eddico, relaciones con China.<\/p>\n<\/p>\n<p>Ahora parece poco importarle la posici\u00f3n norteamericana, expresada por Mike Pompeo, Secretario de Estado,  y est\u00e1 al borde de involucrar al pa\u00eds en esa \u00abGuerra Comercial\u00bb.<\/p>\n<\/p>\n<p>Parecer\u00eda que supon\u00eda que EE.UU., no lo favorecer\u00eda. Tampoco se detuvo en que el primer mercado nuestro sea EE.UU. Pero, no previ\u00f3 que iba a ser imposible lograr los votos en el Congreso para modificar la Constituci\u00f3n.<\/p>\n<\/p>\n<p><strong>El autor es miembro del CP del PLD, ex Ministro de Interior y ex Rector de la UASD.<\/strong><\/p>\n<\/p>\n<h6> 2019-07-22 08:46:53 <\/h6>\n<p><!--\n<link rel=\"stylesheet\" href=\"css\/bootstrap.min.css\">\n\n\n<ul class=\"pagination\">\n\t    \n\t\n\n<li >\n\t<a href='?page_no=611'>Previous<\/a>\n\t<\/li>\n\n\n       \n    \n\n<li><a href='?page_no=1'>1<\/a><\/li>\n\n\n\n<li><a href='?page_no=2'>2<\/a><\/li>\n\n\n\n<li><a>...<\/a><\/li>\n\n\n\n<li><a href='?page_no=610'>610<\/a><\/li>\n\n\n\n<li><a href='?page_no=611'>611<\/a><\/li>\n\n\n\n<li class='active'><a>612<\/a><\/li>\n\n\n\n<li><a href='?page_no=613'>613<\/a><\/li>\n\n\n\n<li><a href='?page_no=614'>614<\/a><\/li>\n\n\n\n<li><a>...<\/a><\/li>\n\n\n\n<li><a href='?page_no=13611'>13611<\/a><\/li>\n\n\n\n<li><a href='?page_no=13612'>13612<\/a><\/li>\n\n    \n\t\n\n<li >\n\t<a href='?page_no=613'>Next<\/a>\n\t<\/li>\n\n\n    \n\n<li><a href='?page_no=13612'>Last &rsaquo;&rsaquo;<\/a><\/li>\n\n<\/ul>\n\n\n--><br \/>\n<\/body><\/p>\n","protected":false},"excerpt":{"rendered":"<p>FRANKLIN ALMEYDA RANCIER Entre EE.UU y China hay una \u00abGuerra Comercial\u00bb, en la que el pa\u00eds no debe entrar; ser\u00eda \u00abmeterse en el ojo de un hurac\u00e1n\u00bb o en \u00abel epicentro de un terremoto\u00bb. Peor si el Presidente lo hace para quedarse. Se dir\u00e1 que especulo. Pero, como entender por qu\u00e9 Danilo sigue obsesionado en [&hellip;]<\/p>\n","protected":false},"author":3,"featured_media":0,"comment_status":"open","ping_status":"open","sticky":false,"template":"","format":"standard","meta":{"footnotes":""},"categories":[16],"tags":[],"class_list":["post-43182","post","type-post","status-publish","format-standard","hentry","category-opiniones"],"_links":{"self":[{"href":"https:\/\/diariodominicano.com\/index.php?rest_route=\/wp\/v2\/posts\/43182","targetHints":{"allow":["GET"]}}],"collection":[{"href":"https:\/\/diariodominicano.com\/index.php?rest_route=\/wp\/v2\/posts"}],"about":[{"href":"https:\/\/diariodominicano.com\/index.php?rest_route=\/wp\/v2\/types\/post"}],"author":[{"embeddable":true,"href":"https:\/\/diariodominicano.com\/index.php?rest_route=\/wp\/v2\/users\/3"}],"replies":[{"embeddable":true,"href":"https:\/\/diariodominicano.com\/index.php?rest_route=%2Fwp%2Fv2%2Fcomments&post=43182"}],"version-history":[{"count":0,"href":"https:\/\/diariodominicano.com\/index.php?rest_route=\/wp\/v2\/posts\/43182\/revisions"}],"wp:attachment":[{"href":"https:\/\/diariodominicano.com\/index.php?rest_route=%2Fwp%2Fv2%2Fmedia&parent=43182"}],"wp:term":[{"taxonomy":"category","embeddable":true,"href":"https:\/\/diariodominicano.com\/index.php?rest_route=%2Fwp%2Fv2%2Fcategories&post=43182"},{"taxonomy":"post_tag","embeddable":true,"href":"https:\/\/diariodominicano.com\/index.php?rest_route=%2Fwp%2Fv2%2Ftags&post=43182"}],"curies":[{"name":"wp","href":"https:\/\/api.w.org\/{rel}","templated":true}]}}