{"id":431765,"date":"2023-04-14T13:17:21","date_gmt":"2023-04-14T17:17:21","guid":{"rendered":"http:\/\/diariodominicano.com\/?p=431765"},"modified":"2023-04-14T21:35:32","modified_gmt":"2023-04-15T01:35:32","slug":"la-oficina-judicial-de-servicios-de-atencion-permanente-del-distrito-judicial-de-montecristi-impone-18-meses-de-prision-preventiva-a-16-imputados-de-trafico-ilicito-de-inmigrantes-en-operacion-f","status":"publish","type":"post","link":"https:\/\/diariodominicano.com\/?p=431765","title":{"rendered":"La Oficina Judicial de Servicios de Atenci\u00f3n Permanente  de Montecristi, impone 18 meses de prisi\u00f3n preventiva a 16 imputados de tr\u00e1fico il\u00edcito de inmigrantes en Operaci\u00f3n Frontera"},"content":{"rendered":"\n<p><strong>MONTECRISTI, Rep\u00fablica Dominicana.-&nbsp;<\/strong>El juez de la Oficina Judicial de Servicios de&nbsp; Atenci\u00f3n Permanente del distrito judicial de Montecristi, Edison Rafael Castro Guerra, impuso 18 meses de prisi\u00f3n preventiva, como medida de coerci\u00f3n,&nbsp; contra los 16 implicados en tr\u00e1fico il\u00edcito de inmigrantes en la Operaci\u00f3n Frontera.<\/p>\n\n\n\n<p>La medida de coerci\u00f3n le fue impuesta a los imputados Eddy Rafael Cordero Villanueva (a) Nelson y a Osiris Rafael Est\u00e9vez Fortuna, quienes han sido identificados como cabecillas de esta red de tr\u00e1fico de migrantes desde Hait\u00ed.<\/p>\n\n\n\n<p>Tambi\u00e9n a Elbio Jos\u00e9 Castillo Mart\u00ednez (a) Soco, Hilario Antonio G\u00f3mez Pa\u00fal, Santo Valerio Contreras (a) Santico, Rafael Zabala Pe\u00f1a, Sandro Liranzo Javier, Jos\u00e9 Dolores Hern\u00e1ndez Merejildo, Julio C\u00e9sar Pujols Montero, Rafael Contreras Arno, Anelby Susa\u00f1a Guzm\u00e1n (Chichi), Jes\u00fas Mar\u00eda Cerda Acosta (Moreno), Aquilino Sosa Fern\u00e1ndez, y Mar\u00eda Rafaela Batista de Cordero, Anelsy Escarlex Cordero N\u00fa\u00f1ez y a Edna Joseph (a) Eva.<\/p>\n\n\n\n<p>El juez orden\u00f3 el cumplimiento de la prisi\u00f3n preventiva en diferentes centros penitenciarios&nbsp; contra todos los imputados de la red criminal dedicada al tr\u00e1fico de inmigrantes haitianos y declar\u00f3 el proceso de tramitaci\u00f3n compleja, tras acoger de manera completa la solicitud del Ministerio P\u00fablico, que estuvo representado por los fiscales Grimaldy Oviedo Mer\u00e1n, Hensey Crucey y Johanny Herrera.<\/p>\n\n\n\n<p>La operaci\u00f3n fue coordinada por la titular de la Procuradur\u00eda Especializada Contra el Tr\u00e1fico Il\u00edcito de Migrantes y Trata de Personas (PETT), Yoanna Bejar\u00e1n, junto a la fiscal titular de esta jurisdicci\u00f3n, Grimaldi Oviedo Mer\u00e1n, y la tambi\u00e9n fiscal Yohanny Herrera y&nbsp; la licenciada Giselle Gonz\u00e1lez, en la que se recibi\u00f3 apoyo del Comandante General del Ej\u00e9rcito de Rep\u00fablica Dominicana, mayor general Carlos Antonio Fern\u00e1ndez Onofre.<\/p>\n\n\n\n<p>En la solicitud de la medida de coerci\u00f3n depositada ante el tribunal el Ministerio P\u00fablico hab\u00eda pedido la imposici\u00f3n de 18 meses de prisi\u00f3n preventiva y la declaraci\u00f3n de complejidad del proceso en contra de los 16 imputados por la violaci\u00f3n al tipo penal de tr\u00e1fico il\u00edcito de migrantes, previsto y sancionado en los art\u00edculos 2 y 7 (literales b, c, d y e) de la Ley 137-03, sobre Tr\u00e1fico Il\u00edcito de Migrantes y Trata de Personas, as\u00ed como los art\u00edculos 265 y 266 del C\u00f3digo Penal, que tipifican como un&nbsp; delito&nbsp; la&nbsp; Trata y Tr\u00e1fico de Personas.<\/p>\n\n\n\n<p>De acuerdo con la investigaci\u00f3n realizada por el Ministerio P\u00fablico, los cabecillas y miembros de la red se dedicaban a financiar, facilitar y transportar a migrantes a trav\u00e9s de motocicletas y autobuses en complicidad con militares asignados para funciones de vigilancia y control en esa zona fronteriza del pa\u00eds.<\/p>\n\n\n\n<p>Se recuerda que en los 16 allanamientos realizados se encontraron 24 inmigrantes, entre ellos, hombres mujeres embarazadas, ni\u00f1os, ni\u00f1as y adolescentes, quienes permanec\u00edan en los centros de acopio clandestinos utilizados por la estructura criminal para luego ser trasportados por las diferentes rutas establecidas hacia diferentes provincias del pa\u00eds.<\/p>\n\n\n\n<p>La desarticulaci\u00f3n de la organizaci\u00f3n criminal fue posible por la ardua labor de inteligencia e investigaci\u00f3n desarrollada en coordinaci\u00f3n con los diferentes organismos bajo la direcci\u00f3n de&nbsp; la&nbsp; Procuradur\u00eda Especializada Contra el Tr\u00e1fico Il\u00edcito de Migrantes y Trata de Personas (PETT) y la Fiscal\u00eda de Montecristi, conjuntamente con la Divisi\u00f3n Especial de Cr\u00edmenes Transna\u00adcionales (Deidet), el apoyo en la ejecuci\u00f3n de la operaci\u00f3n del Departamento de Investigaci\u00f3n de Tr\u00e1fico Il\u00edcito de Migrantes de la Polic\u00eda Nacional&nbsp; y&nbsp; la&nbsp; ONG Anti Tr\u00e1fic Beauro Antitrafficking Bureau (ATB).<\/p>\n\n\n\n<p>Direcci\u00f3n General de Comunicaci\u00f3n, Prensa, y RRPP<\/p>\n\n\n\n<p>Ministerio P\u00fablico.&nbsp;R.D.<\/p>\n\n\n\n<p>Viernes, 14 de abril de 2023.<\/p>\n\n\n\n<p><\/p>\n","protected":false},"excerpt":{"rendered":"<p>MONTECRISTI, Rep\u00fablica Dominicana.-&nbsp;El juez de la Oficina Judicial de Servicios de&nbsp; Atenci\u00f3n Permanente del distrito judicial de Montecristi, Edison Rafael Castro Guerra, impuso 18 meses de prisi\u00f3n preventiva, como medida de coerci\u00f3n,&nbsp; contra los 16 implicados en tr\u00e1fico il\u00edcito de inmigrantes en la Operaci\u00f3n Frontera. La medida de coerci\u00f3n le fue impuesta a los imputados [&hellip;]<\/p>\n","protected":false},"author":28,"featured_media":418502,"comment_status":"closed","ping_status":"","sticky":true,"template":"","format":"standard","meta":{"footnotes":""},"categories":[24,29,27],"tags":[],"class_list":["post-431765","post","type-post","status-publish","format-standard","has-post-thumbnail","hentry","category-justicia-y-derecho","category-policiasucesos","category-portada"],"_links":{"self":[{"href":"https:\/\/diariodominicano.com\/index.php?rest_route=\/wp\/v2\/posts\/431765","targetHints":{"allow":["GET"]}}],"collection":[{"href":"https:\/\/diariodominicano.com\/index.php?rest_route=\/wp\/v2\/posts"}],"about":[{"href":"https:\/\/diariodominicano.com\/index.php?rest_route=\/wp\/v2\/types\/post"}],"author":[{"embeddable":true,"href":"https:\/\/diariodominicano.com\/index.php?rest_route=\/wp\/v2\/users\/28"}],"replies":[{"embeddable":true,"href":"https:\/\/diariodominicano.com\/index.php?rest_route=%2Fwp%2Fv2%2Fcomments&post=431765"}],"version-history":[{"count":6,"href":"https:\/\/diariodominicano.com\/index.php?rest_route=\/wp\/v2\/posts\/431765\/revisions"}],"predecessor-version":[{"id":431860,"href":"https:\/\/diariodominicano.com\/index.php?rest_route=\/wp\/v2\/posts\/431765\/revisions\/431860"}],"wp:featuredmedia":[{"embeddable":true,"href":"https:\/\/diariodominicano.com\/index.php?rest_route=\/wp\/v2\/media\/418502"}],"wp:attachment":[{"href":"https:\/\/diariodominicano.com\/index.php?rest_route=%2Fwp%2Fv2%2Fmedia&parent=431765"}],"wp:term":[{"taxonomy":"category","embeddable":true,"href":"https:\/\/diariodominicano.com\/index.php?rest_route=%2Fwp%2Fv2%2Fcategories&post=431765"},{"taxonomy":"post_tag","embeddable":true,"href":"https:\/\/diariodominicano.com\/index.php?rest_route=%2Fwp%2Fv2%2Ftags&post=431765"}],"curies":[{"name":"wp","href":"https:\/\/api.w.org\/{rel}","templated":true}]}}