{"id":43171,"date":"2019-07-23T01:18:31","date_gmt":"2019-07-23T01:18:31","guid":{"rendered":"http:\/\/diariodominicano.ddns.net\/?p=43171"},"modified":"2019-07-23T01:18:31","modified_gmt":"2019-07-23T01:18:31","slug":"a-pleno-solla-guerra-continua","status":"publish","type":"post","link":"https:\/\/diariodominicano.com\/?p=43171","title":{"rendered":"&#13;A Pleno Sol&#13;&#13;La guerra contin\u00faa"},"content":{"rendered":"<p><body><\/p>\n<p><strong>Por Manuel Hern\u00e1ndez Villeta<\/strong><\/p>\n<\/p>\n<\/p>\n<p>El anuncio del presidente Danilo Medina de que no buscar\u00e1 la reelecci\u00f3n, no pone termin\u00f3 a la lucha interna del Partido de la Liberaci\u00f3n Dominicana. No presentar la reforma constitucional constituye una derrota pol\u00edtica inmediata, pero no el final de la guerra electoral.<\/p>\n<\/p>\n<p>La salida de Danilo de los planes reeleccionistas, no significa que va a endosar sus fuerzas a Leonel Fern\u00e1ndez. Por el contrario, est\u00e1 obligado en los pr\u00f3ximos d\u00edas a presentar  una nueva bandera de acci\u00f3n.<\/p>\n<\/p>\n<p>Las posiciones entre Danilo y Leonel son irreconciliables, y m\u00e1s ahora cuando   no ir a la reelecci\u00f3n es una derrota, y cuando los seguidores de Leonel  creen que ya tienen la candidatura presidencial en las manos.<\/p>\n<\/p>\n<p>Danilo mantiene el control casi total de los organismos direccionales del PLD. Esa fuerza no ha mermado, y por el contrario de seguro se compactar\u00e1 en torno al mandatario, tratando de lograr una victoria con un nuevo candidato. Lo que no veo es sangre nueva.<\/p>\n<\/p>\n<p>Todos los peledeistas que pueden ser candidatos presidenciales no son sangre nueva. Todos  tienen larga militancia, han sido funcionarios o candidatos a diputados, senadores y  s\u00edndicos. Se puede interpretar que la sangre nueva es que Danilo no va a endosar su poder a Leonel.<\/p>\n<\/p>\n<p>El avance logrado por los antireeleccionista  del PLD se bas\u00f3 fundamentalmente en salir a las calles a manifestarse. Coincidieron en esa brega con Luis Abinader, y luego con un Partido Revolucionario Moderno que desesperado comprendi\u00f3 que no se pod\u00eda quedar fuera de la contienda. Ahora comienza una redefinici\u00f3n  de fuerzas en el PRD entre Abinader  e Hip\u00f3lito Mej\u00eda.<\/p>\n<\/p>\n<p>No uso bola de cristal, pero me parece que todav\u00eda sigue vigente el planteamiento de tres candidaturas presidenciales de importancia. Danilo y su grupo, con el control que tienen en los organismos direccionales, es muy dif\u00edcil, por no decir imposible, que dejen pasar a Leonel.<\/p>\n<\/p>\n<p>Es m\u00e1s, ahora el sector de Danilo debe estar m\u00e1s radicalizado en poner una pared entre Leonel y la candidatura. Queda esperar a quien Danilo endosa para que sea el candidato presidencial de su grupo.<\/p>\n<\/p>\n<p>Ninguno de los precandidatos que le son afines,  demostr\u00f3 el carisma y la fuerza para ganar  una postulaci\u00f3n. Desde luego la pol\u00edtica moderna es tener dinero para campa\u00f1as  y dominar los medios de comunicaci\u00f3n. Un candidato se hace en laboratorio y alcanza su destino con una maquinaria que lo respalde.<\/p>\n<\/p>\n<p>La guerra en el PLD no ha terminado. Hay una victoria importante de Leonel, pero ahora viene una recomposici\u00f3n de fuerzas y la riposta del sector en el gobierno. Leonel pudo vencer la reelecci\u00f3n, pero para \u00e9l la trascendencia in-situ es lograr la candidatura presidencial. Me luce dif\u00edcil que cuente con el apoyo de Danilo. No hay treguas, y las bengalas alumbran el campo de batalla. !Ay!, se me acab\u00f3 la tinta.<\/p>\n<\/p>\n<h6> 2019-07-23 01:18:31 <\/h6>\n<p><!--\n<link rel=\"stylesheet\" href=\"css\/bootstrap.min.css\">\n\n\n<ul class=\"pagination\">\n\t    \n\t\n\n<li >\n\t<a href='?page_no=610'>Previous<\/a>\n\t<\/li>\n\n\n       \n    \n\n<li><a href='?page_no=1'>1<\/a><\/li>\n\n\n\n<li><a href='?page_no=2'>2<\/a><\/li>\n\n\n\n<li><a>...<\/a><\/li>\n\n\n\n<li><a href='?page_no=609'>609<\/a><\/li>\n\n\n\n<li><a href='?page_no=610'>610<\/a><\/li>\n\n\n\n<li class='active'><a>611<\/a><\/li>\n\n\n\n<li><a href='?page_no=612'>612<\/a><\/li>\n\n\n\n<li><a href='?page_no=613'>613<\/a><\/li>\n\n\n\n<li><a>...<\/a><\/li>\n\n\n\n<li><a href='?page_no=13611'>13611<\/a><\/li>\n\n\n\n<li><a href='?page_no=13612'>13612<\/a><\/li>\n\n    \n\t\n\n<li >\n\t<a href='?page_no=612'>Next<\/a>\n\t<\/li>\n\n\n    \n\n<li><a href='?page_no=13612'>Last &rsaquo;&rsaquo;<\/a><\/li>\n\n<\/ul>\n\n\n--><br \/>\n<\/body><\/p>\n","protected":false},"excerpt":{"rendered":"<p>Por Manuel Hern\u00e1ndez Villeta El anuncio del presidente Danilo Medina de que no buscar\u00e1 la reelecci\u00f3n, no pone termin\u00f3 a la lucha interna del Partido de la Liberaci\u00f3n Dominicana. No presentar la reforma constitucional constituye una derrota pol\u00edtica inmediata, pero no el final de la guerra electoral. La salida de Danilo de los planes reeleccionistas, [&hellip;]<\/p>\n","protected":false},"author":3,"featured_media":0,"comment_status":"open","ping_status":"open","sticky":false,"template":"","format":"standard","meta":{"footnotes":""},"categories":[16],"tags":[],"class_list":["post-43171","post","type-post","status-publish","format-standard","hentry","category-opiniones"],"_links":{"self":[{"href":"https:\/\/diariodominicano.com\/index.php?rest_route=\/wp\/v2\/posts\/43171","targetHints":{"allow":["GET"]}}],"collection":[{"href":"https:\/\/diariodominicano.com\/index.php?rest_route=\/wp\/v2\/posts"}],"about":[{"href":"https:\/\/diariodominicano.com\/index.php?rest_route=\/wp\/v2\/types\/post"}],"author":[{"embeddable":true,"href":"https:\/\/diariodominicano.com\/index.php?rest_route=\/wp\/v2\/users\/3"}],"replies":[{"embeddable":true,"href":"https:\/\/diariodominicano.com\/index.php?rest_route=%2Fwp%2Fv2%2Fcomments&post=43171"}],"version-history":[{"count":0,"href":"https:\/\/diariodominicano.com\/index.php?rest_route=\/wp\/v2\/posts\/43171\/revisions"}],"wp:attachment":[{"href":"https:\/\/diariodominicano.com\/index.php?rest_route=%2Fwp%2Fv2%2Fmedia&parent=43171"}],"wp:term":[{"taxonomy":"category","embeddable":true,"href":"https:\/\/diariodominicano.com\/index.php?rest_route=%2Fwp%2Fv2%2Fcategories&post=43171"},{"taxonomy":"post_tag","embeddable":true,"href":"https:\/\/diariodominicano.com\/index.php?rest_route=%2Fwp%2Fv2%2Ftags&post=43171"}],"curies":[{"name":"wp","href":"https:\/\/api.w.org\/{rel}","templated":true}]}}