{"id":43159,"date":"2020-09-28T02:01:04","date_gmt":"2020-09-28T02:01:04","guid":{"rendered":"http:\/\/diariodominicano.ddns.net\/?p=43159"},"modified":"2020-09-28T02:01:04","modified_gmt":"2020-09-28T02:01:04","slug":"santo-cerrovsanton-de-montesinos","status":"publish","type":"post","link":"https:\/\/diariodominicano.com\/?p=43159","title":{"rendered":"\u00abSANTO CERRO\u00bb&#13;VS&#13;ANT\u00d3N DE MONTESINOS"},"content":{"rendered":"<p><body><\/p>\n<p><strong><span class=\"text1noticias\">\u00abSANTO CERRO\u00bb<\/span><\/strong><\/p>\n<p><strong><span class=\"text1noticias\">VS<\/span><\/strong><\/p>\n<p><strong><span class=\"text1noticias\">ANT\u00d3N DE MONTESINOS<\/span><\/strong><\/p>\n<p><strong><span class=\"text1noticias\">FRANKLIN ALMEYDA RANCIER<\/span><\/strong><\/p>\n<p><span class=\"text1noticias\">Sor \u00c1gueda Mar\u00eda Rodriguez Cruz, de la Orden de los Dominicos, acad\u00e9mica en Universidad de Salamanca, Espa\u00f1a, investigadora sobre las universidades hispanoamericanas, estuvo, invitada por primera vez, al pa\u00eds en 1988, cuando fui Rector de la UASD, al 450 aniversario de su fundaci\u00f3n.<\/span><\/p>\n<\/p>\n<p><span class=\"text1noticias\">Se interes\u00f3 en conocer \u00abSanto Cerro\u00bb, la acompa\u00f1\u00e9. Documentada previamente y, de regreso, con pocas palabras y tono perturbado, dijo \u00abEs inaceptable involucrar a la virgen con una matanza de inocentes; lo plantear\u00e9\u00bb.<\/span><\/p>\n<\/p>\n<p><span class=\"text1noticias\">Trabajo atrevidamente escribiendo una historia novelada, titulada \u00abMarr\u00f3n Tierra Vs. Negra Noche\u00bb, sobre el proceso de colonizaci\u00f3n y conquista de Am\u00e9rica. Novelar la historia es un recurso para facilitar su lectura; se incluye la \u00abBatalla de Santo Cerro\u00bb.<\/span><\/p>\n<\/p>\n<p><span class=\"text1noticias\">La poblaci\u00f3n originaria era una comunidad primitiva, con definiciones sociales y pol\u00edticas, pero muy vulnerable ante la desarrollada civilizaci\u00f3n europea. Cuando Crist\u00f3bal Col\u00f3n se instal\u00f3 primero en La Isabela \u00bfQu\u00e9 oblig\u00f3 a su traslado al extremo sur de la isla?<\/span><\/p>\n<\/p>\n<p><span class=\"text1noticias\">Es conocido que en La Isabela, para el primer viaje de Col\u00f3n, se construy\u00f3 un fuerte con los restos de una de las carabelas. Col\u00f3n deja en ella una guarnici\u00f3n de hombres que cometieron excesos y dieron lugar a la primera gran rebeli\u00f3n en Am\u00e9rica contra la colonizaci\u00f3n; cientos de pobladores originarios destruyeron y mataron la guarnici\u00f3n.<\/span><\/p>\n<\/p>\n<p><span class=\"text1noticias\">\u00bfCual fue la reacci\u00f3n de los espa\u00f1oles? La \u00abBatalla de Santo Cerro\u00bb, referida con precisi\u00f3n por autores acreditados, en \u00abHistoria de la Trata de Negros\u00bb, Mannix &amp; Crowley, 1968; afirman:<\/span><\/p>\n<p><span class=\"text1noticias\">\u00abCol\u00f3n march\u00f3 contra ellos al frente de una fuerza de doscientos infantes y veinte jinetes. Con los espa\u00f1oles iban veinte sabuesos, animales enormes y salvajes, entrenados para hacer frente a osos y jabal\u00edes en los bosques de la Europa central; a diez leguas de La Isabela los espa\u00f1oles se enfrentaron con las huestes originarios. Los conocimientos b\u00e9licos de los indios eran infantiles. Unos arrojaban desordenadamente piedras, otros corr\u00edan hacia los soldados golpe\u00e1ndoles d\u00e9bilmente con palos o tratando de hacer penetrar sus lanzas de ca\u00f1a en las armaduras espa\u00f1olas. Una descarga de arcabuces y ballestas se abati\u00f3 sobre la multitud; los desnudos indios se arrastraban por el suelo; luego les soltaron los perros y los jinetes se lanzaron contra ellos. Lo que sigui\u00f3 fue una aut\u00e9ntica matanza que no ces\u00f3 hasta que los caballos agotados empezaron a flaquear. Los sobrevivientes fueron luego cazados por los sabuesos y puestos a trabajar en las minas. Muchos murieron a los pocos d\u00edas, totalmente incapaces  soportar el cautiverio\u00bb (p. 16)<\/span><\/p>\n<\/p>\n<p><span class=\"text1noticias\">Obs\u00e9rvese que fue a diez leguas de distancia de La Isabela, 48 kil\u00f3metros, cruzando entre monta\u00f1as, es \u00abSanto Cerro\u00bb. Es inaceptable atribuir tal matanza a la virgen. En contraste la Orden de los Dominicos, ante acciones repetidas de magnicidios, se pronunci\u00f3 en su nombre Fray Ant\u00f3n de Montesinos, en el Serm\u00f3n de Adviento de 1511, el domingo anterior a navidad, expres\u00f3:<\/span><\/p>\n<p><span class=\"text1noticias\">\u00ab\u00bfEstos no son hombres? \u00bfCon estos no se deben guardar y cumplir los preceptos de caridad y de justicia? \u00bfEstos no ten\u00edan sus tierras propias y sus se\u00f1ores y se\u00f1or\u00edos?<\/span><\/p>\n<p><span class=\"text1noticias\">\u00bfEstos han ofendido en algo? \u00bfLa ley de Cristo no somos obligados a predic\u00e1rsela y trabajar con toda diligencia de convertirlos? Todos est\u00e1is en pecado mortal y en \u00e9l viv\u00eds y mor\u00eds, por la crueldad y tiran\u00eda que us\u00e1is con inocentes gentes\u00bb.<\/span><\/p>\n<h6> 2020-09-28 02:01:04 <\/h6>\n<p><!--\n<link rel=\"stylesheet\" href=\"css\/bootstrap.min.css\">\n\n\n<ul class=\"pagination\">\n\t    \n\t\n\n<li >\n\t<a href='?page_no=60'>Previous<\/a>\n\t<\/li>\n\n\n       \n    \n\n<li><a href='?page_no=1'>1<\/a><\/li>\n\n\n\n<li><a href='?page_no=2'>2<\/a><\/li>\n\n\n\n<li><a>...<\/a><\/li>\n\n\n\n<li><a href='?page_no=59'>59<\/a><\/li>\n\n\n\n<li><a href='?page_no=60'>60<\/a><\/li>\n\n\n\n<li class='active'><a>61<\/a><\/li>\n\n\n\n<li><a href='?page_no=62'>62<\/a><\/li>\n\n\n\n<li><a href='?page_no=63'>63<\/a><\/li>\n\n\n\n<li><a>...<\/a><\/li>\n\n\n\n<li><a href='?page_no=13611'>13611<\/a><\/li>\n\n\n\n<li><a href='?page_no=13612'>13612<\/a><\/li>\n\n    \n\t\n\n<li >\n\t<a href='?page_no=62'>Next<\/a>\n\t<\/li>\n\n\n    \n\n<li><a href='?page_no=13612'>Last &rsaquo;&rsaquo;<\/a><\/li>\n\n<\/ul>\n\n\n--><br \/>\n<\/body><\/p>\n","protected":false},"excerpt":{"rendered":"<p>\u00abSANTO CERRO\u00bb VS ANT\u00d3N DE MONTESINOS FRANKLIN ALMEYDA RANCIER Sor \u00c1gueda Mar\u00eda Rodriguez Cruz, de la Orden de los Dominicos, acad\u00e9mica en Universidad de Salamanca, Espa\u00f1a, investigadora sobre las universidades hispanoamericanas, estuvo, invitada por primera vez, al pa\u00eds en 1988, cuando fui Rector de la UASD, al 450 aniversario de su fundaci\u00f3n. Se interes\u00f3 en [&hellip;]<\/p>\n","protected":false},"author":3,"featured_media":0,"comment_status":"open","ping_status":"open","sticky":false,"template":"","format":"standard","meta":{"footnotes":""},"categories":[16],"tags":[],"class_list":["post-43159","post","type-post","status-publish","format-standard","hentry","category-opiniones"],"_links":{"self":[{"href":"https:\/\/diariodominicano.com\/index.php?rest_route=\/wp\/v2\/posts\/43159","targetHints":{"allow":["GET"]}}],"collection":[{"href":"https:\/\/diariodominicano.com\/index.php?rest_route=\/wp\/v2\/posts"}],"about":[{"href":"https:\/\/diariodominicano.com\/index.php?rest_route=\/wp\/v2\/types\/post"}],"author":[{"embeddable":true,"href":"https:\/\/diariodominicano.com\/index.php?rest_route=\/wp\/v2\/users\/3"}],"replies":[{"embeddable":true,"href":"https:\/\/diariodominicano.com\/index.php?rest_route=%2Fwp%2Fv2%2Fcomments&post=43159"}],"version-history":[{"count":0,"href":"https:\/\/diariodominicano.com\/index.php?rest_route=\/wp\/v2\/posts\/43159\/revisions"}],"wp:attachment":[{"href":"https:\/\/diariodominicano.com\/index.php?rest_route=%2Fwp%2Fv2%2Fmedia&parent=43159"}],"wp:term":[{"taxonomy":"category","embeddable":true,"href":"https:\/\/diariodominicano.com\/index.php?rest_route=%2Fwp%2Fv2%2Fcategories&post=43159"},{"taxonomy":"post_tag","embeddable":true,"href":"https:\/\/diariodominicano.com\/index.php?rest_route=%2Fwp%2Fv2%2Ftags&post=43159"}],"curies":[{"name":"wp","href":"https:\/\/api.w.org\/{rel}","templated":true}]}}