{"id":431495,"date":"2023-04-13T20:58:53","date_gmt":"2023-04-14T00:58:53","guid":{"rendered":"http:\/\/diariodominicano.com\/?p=431495"},"modified":"2023-04-13T21:05:52","modified_gmt":"2023-04-14T01:05:52","slug":"expertos-participan-en-ii-foro-penitenciario-sobre-el-medio-libre","status":"publish","type":"post","link":"https:\/\/diariodominicano.com\/?p=431495","title":{"rendered":"Expertos participan en II Foro Penitenciario sobre el Medio Libre"},"content":{"rendered":"\n<p><em><u>Ministro Jes\u00fas V\u00e1squez Mart\u00ednez anuncia incluir\u00e1 sistema penitenciario en programa \u201cDe Vuelta al Barrio\u201d&nbsp;<\/u><\/em><\/p>\n\n\n\n<p><strong>SANTO DOMINGO ESTE, Rep\u00fablica Dominicana. \u2013&nbsp;<\/strong>Con el objetivo de analizar los desaf\u00edos y perspectivas del Medio Libre y sus beneficios para las personas privadas de libertad, la Direcci\u00f3n General de Servicios Penitenciarios y Correccionales (DGSPC) realiz\u00f3 este jueves, el segundo Foro Penitenciario: \u201cIncidencia del Medio Libre en la Reinserci\u00f3n Social y Laboral de las Personas Privadas de Libertad, en marco de la Ley 113-21\u201d.&nbsp;<\/p>\n\n\n\n<figure class=\"wp-block-image size-large\"><img loading=\"lazy\" decoding=\"async\" width=\"1024\" height=\"673\" src=\"https:\/\/diariodominicano.com\/wp-content\/uploads\/2023\/04\/LA2A9653-1024x673.jpg\" alt=\"\" class=\"wp-image-431497\" srcset=\"https:\/\/diariodominicano.com\/wp-content\/uploads\/2023\/04\/LA2A9653-1024x673.jpg 1024w, https:\/\/diariodominicano.com\/wp-content\/uploads\/2023\/04\/LA2A9653-300x197.jpg 300w, https:\/\/diariodominicano.com\/wp-content\/uploads\/2023\/04\/LA2A9653-768x505.jpg 768w, https:\/\/diariodominicano.com\/wp-content\/uploads\/2023\/04\/LA2A9653-1536x1009.jpg 1536w, https:\/\/diariodominicano.com\/wp-content\/uploads\/2023\/04\/LA2A9653-816x536.jpg 816w, https:\/\/diariodominicano.com\/wp-content\/uploads\/2023\/04\/LA2A9653.jpg 2000w\" sizes=\"auto, (max-width: 1024px) 100vw, 1024px\" \/><figcaption> Roberto Hern\u00e1ndez Basilio, director de la Direcci\u00f3n General de Servicios Penitenciarios y Correccionales, dijo que el Medio Libre es un concepto amplio y profundo que todas las personas a\u00fan no alcanzan a comprender.<\/figcaption><\/figure>\n\n\n\n<p>El foro se desarroll\u00f3 de manera presencial y virtual en el auditorio Eduardo La Torre del Ministerio de Relaciones Exteriores (MIREX) y con las exposiciones de reconocidos expertos del sistema de justicia.&nbsp;<\/p>\n\n\n\n<p>Roberto Hern\u00e1ndez Basilio, director de la Direcci\u00f3n General de Servicios Penitenciarios y Correccionales, dijo que el Medio Libre es un concepto amplio y profundo que todas las personas a\u00fan no alcanzan a comprender, motivo por el que contin\u00faa el prejuicio y la discriminaci\u00f3n social y laboral hacia las personas que han cumplido condenas, sobre todo en los entornos de mayor pobreza.<\/p>\n\n\n\n<p>\u201cEs necesario que hablemos sobre el Medio Libre, que es una de las v\u00edas de reducci\u00f3n de la poblaci\u00f3n penitenciaria, mediante la consecuci\u00f3n de medidas alternativas a la reclusi\u00f3n, como se plantea en el art\u00edculo 147 de la Ley 113-21, que nos ordena acompa\u00f1ar a las personas en etapa de prelibertad en sus pasos hacia el reingreso a la sociedad que los acoge\u201d, indic\u00f3 Hern\u00e1ndez Basilio.<\/p>\n\n\n\n<p>El funcionario explic\u00f3, que, \u201cel Medio Libre viene a garantizar la reinserci\u00f3n efectiva, esa segunda oportunidad que todos merecemos, sobre todo quienes han demostrado encontrarse en el camino del arrepentimiento y la rehabilitaci\u00f3n.<\/p>\n\n\n\n<figure class=\"wp-block-image size-large\"><img loading=\"lazy\" decoding=\"async\" width=\"1024\" height=\"694\" src=\"https:\/\/diariodominicano.com\/wp-content\/uploads\/2023\/04\/LA2A9883-1024x694.jpg\" alt=\"\" class=\"wp-image-431502\" srcset=\"https:\/\/diariodominicano.com\/wp-content\/uploads\/2023\/04\/LA2A9883-1024x694.jpg 1024w, https:\/\/diariodominicano.com\/wp-content\/uploads\/2023\/04\/LA2A9883-300x203.jpg 300w, https:\/\/diariodominicano.com\/wp-content\/uploads\/2023\/04\/LA2A9883-768x520.jpg 768w, https:\/\/diariodominicano.com\/wp-content\/uploads\/2023\/04\/LA2A9883-1536x1041.jpg 1536w, https:\/\/diariodominicano.com\/wp-content\/uploads\/2023\/04\/LA2A9883-816x553.jpg 816w, https:\/\/diariodominicano.com\/wp-content\/uploads\/2023\/04\/LA2A9883.jpg 2000w\" sizes=\"auto, (max-width: 1024px) 100vw, 1024px\" \/><\/figure>\n\n\n\n<p>En el foro estuvo presente el ministro de Interior y Polic\u00eda, Jes\u00fas V\u00e1squez Mart\u00ednez, quien junto a Hern\u00e1ndez Basilio y el Defensor del Pueblo, Pablo Ulloa, anunci\u00f3 su cooperaci\u00f3n con la DGSPC en el suministro de computadoras para la capacitaci\u00f3n de los internos.&nbsp;<\/p>\n\n\n\n<p>V\u00e1zquez dijo que incluir\u00e1 al sistema penitenciario en el programa que lleva a cabo denominado, \u00abDe Vuelta al Barrio\u00bb.<\/p>\n\n\n\n<p>El ministro indic\u00f3, que, \u201cel objetivo de este programa es que la gente buena que ha salido del barrio y gracias a su trabajo haya logrado triunfar, vuelva superada, porque ahora los modelos son el narcotr\u00e1fico\u201d.<\/p>\n\n\n\n<p>El programa de actividades desarrollado&nbsp; incluy\u00f3 tres exposiciones especializadas, un panel de expertos y presentaciones art\u00edsticas a cargo de los privados de libertad en fase de prueba y testimonios grabados, con el fin de sensibilizar a la audiencia sobre el prop\u00f3sito fundamental del Medio Libre, como mecanismo de desarrollo de este periodo en el proceso penitenciario y correccional.&nbsp;<\/p>\n\n\n\n<p>Durante la ma\u00f1ana Frania Navarro, directora de Medio Libre de la DGSPC, disert\u00f3 sobre \u201cMedio Libre, una Visi\u00f3n Integral\u201d, a seguidas el magistrado Rafael B\u00e1ez, juez de la Segunda Sala de la Corte de Apelaci\u00f3n del Distrito Nacional, expuso el tema \u201cJusticia Restaurativa Enfocada en la Reinserci\u00f3n Social\u201d y, por \u00faltimo, Martin Almonte hablara sobre&nbsp;<\/p>\n\n\n\n<p>En horas de la tarde&nbsp; se&nbsp; iniciar\u00e1 el panel \u201cVinculaci\u00f3n entre el Medio Libre y la Reinserci\u00f3n Social y Laboral de las Personas Privadas de Libertad\u201d, que ser\u00e1 moderado por Servio Tulio Casta\u00f1os Guzm\u00e1n, vicepresidente ejecutivo de la Fundaci\u00f3n Institucionalidad y Justicia, y como ponentes estar\u00e1n monse\u00f1or Santiago Rodr\u00edguez Rodr\u00edguez, obispo de San Pedro de Macor\u00eds y presidente de la Pastoral Penitenciaria, con el tema \u201cEl Rol del Patronato Penitenciario en la Reinserci\u00f3n Social de las Personas Privadas de Libertad\u201d, el magistrado Rub\u00e9n Dar\u00edo Cruz Uceta, Juez de Ejecuci\u00f3n de la Pena del Distrito Judicial de Santiago, con el tema \u201cEl rol del Juez de Ejecuci\u00f3n de la Pena ante los Beneficios Judiciales y Penitenciarios para la Reinserci\u00f3n Social y Laboral\u201d.&nbsp;<\/p>\n\n\n\n<p>Tambi\u00e9n participar\u00e1n Pablo Ulloa, Defensor del Pueblo, quien abordar\u00e1 \u201cLa Posici\u00f3n del Defensor del Pueblo ante la Reinserci\u00f3n Social y Laboral de las Personas Privadas de Libertad\u201d, el magistrado Jos\u00e9 Manuel Arias, Juez de Ejecuci\u00f3n de la Pena del distrito judicial de San Crist\u00f3bal, con el tema \u201cImportancia y Experiencia de las Salidas Temporales con Fin Laboral\u201d y la abogada Elizabeth Rodr\u00edguez D\u00edaz, Coordinadora de la Comisi\u00f3n de C\u00e1rceles de la Oficina Nacional de Defensa P\u00fablica, quien expondr\u00e1 sobre la \u201cTutela y Garant\u00eda de los Derechos de las Personas Privadas de Libertad en la Etapa de Prueba.\u201d&nbsp;<\/p>\n\n\n\n<p>El foro est\u00e1 dirigido a jueces, Ministerio P\u00fablico, abogados, sociedad civil vinculada a los asuntos penitenciarios y de Derechos Humanos, periodistas, opin\u00f3logos, personal penitenciario y escuelas de Derecho.&nbsp;&nbsp;<\/p>\n\n\n\n<p>Durante el periodo comprendido entre los a\u00f1os 2012-2023, la Comisi\u00f3n de Vigilancia, Evaluaci\u00f3n y Sanci\u00f3n, y los jueces de Ejecuci\u00f3n de la Pena, otorgaron 3,296 salidas temporales con fines familiares, 356 con fines comunitarios, 258 con fines laborales, 2,499 con fines educativos y con fines religiosos, deportivos, art\u00edsticos y social unas 342 salidas temporales.<\/p>\n\n\n\n<p>El ejercicio del sistema correccional en el medio libre es una pr\u00e1ctica integrada en los centros reformados desde el a\u00f1o 2012, cuando se cre\u00f3 la Sub-Coordinaci\u00f3n Nacional de la Unidad Coordinadora del Modelo de Gesti\u00f3n Penitenciaria, amparada en la resoluci\u00f3n 0040 de la Procuradur\u00eda General de la Rep\u00fablica.<\/p>\n\n\n\n<p>El 18 de marzo de 2021 la C\u00e1mara de Diputados de la Rep\u00fablica aprob\u00f3 la Ley 113-21 que regula el Sistema Penitenciario y Correccional dominicano, promulgada por el Ejecutivo el 20 de abril del mismo a\u00f1o.<\/p>\n\n\n\n<p>Esta pieza, que derog\u00f3 la normativa vigente hasta entonces, la Ley No. 224 del 26 de junio del 1984, cre\u00f3 la Direcci\u00f3n para el Medio Libre y en su art\u00edculo 147 establece que su objetivo primordial es \u201ccontribuir con la seguridad p\u00fablica mediante la reinserci\u00f3n laboral, en un trabajo remunerado, de personas condenadas, aplicando medidas alternativas a la reclusi\u00f3n, incluyendo la capacitaci\u00f3n laboral y la colocaci\u00f3n laboral independiente o dependiente\u201d.<\/p>\n\n\n\n<p>Comunicaciones Prensa PGR<a rel=\"noreferrer noopener\" target=\"_blank\" href=\"mailto:comunicaciones@pgr.gob.do\">comunicaciones@pgr.gob.do<\/a><\/p>\n\n\n\n<p><strong>Direcci\u00f3n General de Comunicaci\u00f3n, Prensa, y RRPP<\/strong><\/p>\n\n\n\n<p>Ministerio P\u00fablico.&nbsp;R.D.<\/p>\n\n\n\n<p>Jueves, 13 de marzo de 2023<\/p>\n","protected":false},"excerpt":{"rendered":"<p>Ministro Jes\u00fas V\u00e1squez Mart\u00ednez anuncia incluir\u00e1 sistema penitenciario en programa \u201cDe Vuelta al Barrio\u201d&nbsp; SANTO DOMINGO ESTE, Rep\u00fablica Dominicana. \u2013&nbsp;Con el objetivo de analizar los desaf\u00edos y perspectivas del Medio Libre y sus beneficios para las personas privadas de libertad, la Direcci\u00f3n General de Servicios Penitenciarios y Correccionales (DGSPC) realiz\u00f3 este jueves, el segundo Foro [&hellip;]<\/p>\n","protected":false},"author":28,"featured_media":431496,"comment_status":"closed","ping_status":"","sticky":true,"template":"","format":"standard","meta":{"footnotes":""},"categories":[20,24,29,27],"tags":[],"class_list":["post-431495","post","type-post","status-publish","format-standard","has-post-thumbnail","hentry","category-dominicana-hoy","category-justicia-y-derecho","category-policiasucesos","category-portada"],"_links":{"self":[{"href":"https:\/\/diariodominicano.com\/index.php?rest_route=\/wp\/v2\/posts\/431495","targetHints":{"allow":["GET"]}}],"collection":[{"href":"https:\/\/diariodominicano.com\/index.php?rest_route=\/wp\/v2\/posts"}],"about":[{"href":"https:\/\/diariodominicano.com\/index.php?rest_route=\/wp\/v2\/types\/post"}],"author":[{"embeddable":true,"href":"https:\/\/diariodominicano.com\/index.php?rest_route=\/wp\/v2\/users\/28"}],"replies":[{"embeddable":true,"href":"https:\/\/diariodominicano.com\/index.php?rest_route=%2Fwp%2Fv2%2Fcomments&post=431495"}],"version-history":[{"count":3,"href":"https:\/\/diariodominicano.com\/index.php?rest_route=\/wp\/v2\/posts\/431495\/revisions"}],"predecessor-version":[{"id":431504,"href":"https:\/\/diariodominicano.com\/index.php?rest_route=\/wp\/v2\/posts\/431495\/revisions\/431504"}],"wp:featuredmedia":[{"embeddable":true,"href":"https:\/\/diariodominicano.com\/index.php?rest_route=\/wp\/v2\/media\/431496"}],"wp:attachment":[{"href":"https:\/\/diariodominicano.com\/index.php?rest_route=%2Fwp%2Fv2%2Fmedia&parent=431495"}],"wp:term":[{"taxonomy":"category","embeddable":true,"href":"https:\/\/diariodominicano.com\/index.php?rest_route=%2Fwp%2Fv2%2Fcategories&post=431495"},{"taxonomy":"post_tag","embeddable":true,"href":"https:\/\/diariodominicano.com\/index.php?rest_route=%2Fwp%2Fv2%2Ftags&post=431495"}],"curies":[{"name":"wp","href":"https:\/\/api.w.org\/{rel}","templated":true}]}}