{"id":43148,"date":"2019-07-24T00:33:53","date_gmt":"2019-07-24T00:33:53","guid":{"rendered":"http:\/\/diariodominicano.ddns.net\/?p=43148"},"modified":"2019-07-24T00:33:53","modified_gmt":"2019-07-24T00:33:53","slug":"a-pleno-soldespues-de-la-reeleccion","status":"publish","type":"post","link":"https:\/\/diariodominicano.com\/?p=43148","title":{"rendered":"A Pleno Sol&#13;&#13;Despu\u00e9s de la reelecci\u00f3n"},"content":{"rendered":"<p><body><\/p>\n<p><strong>Por Manuel Hern\u00e1ndez Villeta<\/strong><\/p>\n<\/p>\n<\/p>\n<p>La reelecci\u00f3n sufri\u00f3 una derrota pol\u00edtica por tener grados de impopularidad que no fueron contrarrestados con una vertical  l\u00ednea de movilizaci\u00f3n social. Se pas\u00f3 demasiado tiempo en indefiniciones, amagando con llevar un proyecto de convocatoria al Congreso, mientras el pa\u00eds caminaba a una crisis pol\u00edtica.<\/p>\n<\/p>\n<p>Tomando en cuenta el espinoso tema de la reelecci\u00f3n, y que mueve pasiones en contra a granel, se ten\u00eda que imponer la reforma  desde un primer momento, de sopet\u00f3n, y sin jugar al gato y al rat\u00f3n. En la estrategia pol\u00edtica se actu\u00f3 con sorpresas que no cristalizaron y se dio paso a que se diera la injerencia de los Estados Unidos.<\/p>\n<\/p>\n<p>Ya se ve\u00eda dif\u00edcil el panorama reeleccionista, desde que Danilo Medina estableci\u00f3 relaciones diplom\u00e1ticas con China. En el \u00e1rea de influencia de los norteamericanos, era una acci\u00f3n que traer\u00eda respuestas. Puede ser que esa llamada de Mike Pompeo fuera la parte oscura de lo que evito la reforma constitucional.<\/p>\n<\/p>\n<p>Pero el sector oficial cometi\u00f3 un pecado capital en pol\u00edtica: se dej\u00f3 quitar la calle. Jugo a las declaraciones de personalidades, mientras que organizaciones comunitarias, Leonel Fern\u00e1ndez y Luis Abinader marcharon hacia el Congreso, en repudio al estamento que proclamaba la reforma  constitucional.<\/p>\n<\/p>\n<p>La militarizaci\u00f3n del \u00e1rea externa del Congreso fue una acci\u00f3n innecesaria. La seguridad de la sede de la C\u00e1mara de Diputados y del Senado se pudo redoblar, sin tener que obstaculizar el transito normal de todo el sector. Los retenes militares radicalizaron la lucha, aparte de que llevaron temores a la poblaci\u00f3n de que se cayera en una crisis de mayores consecuencias.<\/p>\n<\/p>\n<p>Danilo sufri\u00f3  una derrota pol\u00edtica, pero hoy est\u00e1 en combate. Es un gran organizador pol\u00edtico, y ahora debe estar listo para conservar el poder a nivel de su tendencia en el Partido de la Liberaci\u00f3n Dominicana. All\u00ed tiene la fuerza institucional para imponer a un candidato.<\/p>\n<\/p>\n<p>Leonel podr\u00eda ser v\u00edctima de un espejismo. Tratar de ampliar su lucha en el PLD creyendo que Danilo est\u00e1 congelado ser\u00eda un error. Danilo va a imponer en el PLD al candidato de su preferencia, y con \u00e9l va  a tratar de ganar las venideras elecciones.<\/p>\n<\/p>\n<p>A Danilo se le esfumo el  tiempo para la reelecci\u00f3n, y si Leonel persiste en dar la batalla en el PLD le pasara lo mismo, cuando quiera actuar no tendr\u00e1 para d\u00f3nde coger. Danilo y Leonel no caben los dos juntos en el PLD. La expectativa est\u00e1 ahora en cu\u00e1l ser\u00e1 la movida de ajedrez que har\u00e1 el danilismo.<\/p>\n<\/p>\n<p>Ya comenz\u00f3 la recomposici\u00f3n de fuerzas en el panorama nacional. Falta la cara electoral del danilismo, esta Leonel y Abinader. Fuera de ah\u00ed, solo hay para alianzas. El que no sepa dar pasos firmes en este reflujo se va a quedar congelado. Si ve poco, que cambie los lentes. \u00a1Ay!, se me acabo la tinta.<\/p>\n<\/p>\n<h6> 2019-07-24 00:33:53 <\/h6>\n<p><!--\n<link rel=\"stylesheet\" href=\"css\/bootstrap.min.css\">\n\n\n<ul class=\"pagination\">\n\t    \n\t\n\n<li >\n\t<a href='?page_no=608'>Previous<\/a>\n\t<\/li>\n\n\n       \n    \n\n<li><a href='?page_no=1'>1<\/a><\/li>\n\n\n\n<li><a href='?page_no=2'>2<\/a><\/li>\n\n\n\n<li><a>...<\/a><\/li>\n\n\n\n<li><a href='?page_no=607'>607<\/a><\/li>\n\n\n\n<li><a href='?page_no=608'>608<\/a><\/li>\n\n\n\n<li class='active'><a>609<\/a><\/li>\n\n\n\n<li><a href='?page_no=610'>610<\/a><\/li>\n\n\n\n<li><a href='?page_no=611'>611<\/a><\/li>\n\n\n\n<li><a>...<\/a><\/li>\n\n\n\n<li><a href='?page_no=13611'>13611<\/a><\/li>\n\n\n\n<li><a href='?page_no=13612'>13612<\/a><\/li>\n\n    \n\t\n\n<li >\n\t<a href='?page_no=610'>Next<\/a>\n\t<\/li>\n\n\n    \n\n<li><a href='?page_no=13612'>Last &rsaquo;&rsaquo;<\/a><\/li>\n\n<\/ul>\n\n\n--><br \/>\n<\/body><\/p>\n","protected":false},"excerpt":{"rendered":"<p>Por Manuel Hern\u00e1ndez Villeta La reelecci\u00f3n sufri\u00f3 una derrota pol\u00edtica por tener grados de impopularidad que no fueron contrarrestados con una vertical l\u00ednea de movilizaci\u00f3n social. Se pas\u00f3 demasiado tiempo en indefiniciones, amagando con llevar un proyecto de convocatoria al Congreso, mientras el pa\u00eds caminaba a una crisis pol\u00edtica. Tomando en cuenta el espinoso tema [&hellip;]<\/p>\n","protected":false},"author":3,"featured_media":0,"comment_status":"open","ping_status":"open","sticky":false,"template":"","format":"standard","meta":{"footnotes":""},"categories":[16],"tags":[],"class_list":["post-43148","post","type-post","status-publish","format-standard","hentry","category-opiniones"],"_links":{"self":[{"href":"https:\/\/diariodominicano.com\/index.php?rest_route=\/wp\/v2\/posts\/43148","targetHints":{"allow":["GET"]}}],"collection":[{"href":"https:\/\/diariodominicano.com\/index.php?rest_route=\/wp\/v2\/posts"}],"about":[{"href":"https:\/\/diariodominicano.com\/index.php?rest_route=\/wp\/v2\/types\/post"}],"author":[{"embeddable":true,"href":"https:\/\/diariodominicano.com\/index.php?rest_route=\/wp\/v2\/users\/3"}],"replies":[{"embeddable":true,"href":"https:\/\/diariodominicano.com\/index.php?rest_route=%2Fwp%2Fv2%2Fcomments&post=43148"}],"version-history":[{"count":0,"href":"https:\/\/diariodominicano.com\/index.php?rest_route=\/wp\/v2\/posts\/43148\/revisions"}],"wp:attachment":[{"href":"https:\/\/diariodominicano.com\/index.php?rest_route=%2Fwp%2Fv2%2Fmedia&parent=43148"}],"wp:term":[{"taxonomy":"category","embeddable":true,"href":"https:\/\/diariodominicano.com\/index.php?rest_route=%2Fwp%2Fv2%2Fcategories&post=43148"},{"taxonomy":"post_tag","embeddable":true,"href":"https:\/\/diariodominicano.com\/index.php?rest_route=%2Fwp%2Fv2%2Ftags&post=43148"}],"curies":[{"name":"wp","href":"https:\/\/api.w.org\/{rel}","templated":true}]}}