{"id":431449,"date":"2023-04-13T16:11:11","date_gmt":"2023-04-13T20:11:11","guid":{"rendered":"http:\/\/diariodominicano.com\/?p=431449"},"modified":"2023-04-13T16:11:11","modified_gmt":"2023-04-13T20:11:11","slug":"fiscalia-de-santiago-logra-condena-de-20-anos-contra-un-hombre-violo-nina-de-tres-anos-de-nacida","status":"publish","type":"post","link":"https:\/\/diariodominicano.com\/?p=431449","title":{"rendered":"Fiscal\u00eda de Santiago logra condena de 20 a\u00f1os contra un hombre viol\u00f3 ni\u00f1a de tres a\u00f1os de nacida"},"content":{"rendered":"\n<p><strong>SANTIAGO, Rep\u00fablica Dominicana.-\u00a0<\/strong>La Fiscal\u00eda de Santiago logr\u00f3 una condena de 20 a\u00f1os de reclusi\u00f3n mayor en contra de un hombre que viol\u00f3 a una ni\u00f1a de tres a\u00f1os de edad, en un hecho ocurrido en mayo del a\u00f1o 2021.\u00a0\u00a0<\/p>\n\n\n\n<p>La sentencia dictada por el Tercer Tribunal Colegiado de este distrito judicial, integrado por los magistrados Jos\u00e9 Rafael D&#8217; As\u00eds, Deyanira M\u00e9ndez y Yazm\u00edn de los Santos, en contra de Ederson Brand L\u00f3pez, acoge en todas sus formas la solicitud que hizo la Fiscal\u00eda de Santiago contra el acusado, por los hechos cometidos en contra de la infante, de quien se omite su nombre para preservar sus derechos.&nbsp;<\/p>\n\n\n\n<p>El representante de la Fiscal\u00eda de Santiago, Elvin Ventura, detall\u00f3 los hechos gravosos cometidos contra la v\u00edctima por el acusado, quien fue hallado culpable de incurrir en violencia basada en g\u00e9nero, violaci\u00f3n sexual, abuso sexual y psicol\u00f3gico, delitos tipificados y sancionados por los art\u00edculos 309-1, 331 y 332-2 del C\u00f3digo Penal Dominicano, modificados por la Ley 24-97 de Violencia de G\u00e9nero.&nbsp;&nbsp;<\/p>\n\n\n\n<p>Adem\u00e1s, se prob\u00f3 la transgresi\u00f3n al art\u00edculo 396, letras B y C, de la Ley 136-03 que crea el C\u00f3digo para el Sistema de Protecci\u00f3n y los Derechos Fundamentales de Ni\u00f1os, Ni\u00f1as y Adolescentes.&nbsp;&nbsp;<\/p>\n\n\n\n<p>El tribunal, adem\u00e1s de la pena privativa de libertad, conden\u00f3 civilmente al acusado a pagar $200,000 pesos en favor de la familia de la menor agraviada.&nbsp;&nbsp;<\/p>\n\n\n\n<p>La teor\u00eda f\u00e1ctica cita que los hechos tuvieron lugar en mayo del a\u00f1o 2021, cuando el hombre, abusando de la vulnerabilidad de la ni\u00f1a, la viol\u00f3 sexualmente, hecho que cometi\u00f3 en presencia de un hermano de la v\u00edctima, tambi\u00e9n menor de edad, lo que constituye en s\u00ed mismo un agravante de los hechos.&nbsp;&nbsp;<\/p>\n\n\n\n<p>En la sustentaci\u00f3n de las pruebas, la Fiscal\u00eda present\u00f3 al tribunal los informes m\u00e9dico forenses, sobre evaluaciones sexol\u00f3gicas y psicol\u00f3gicas que evidenciaron los da\u00f1os f\u00edsicos y emocionales que provoc\u00f3 el procesado a la v\u00edctima.&nbsp;&nbsp;<\/p>\n\n\n\n<p>Direcci\u00f3n General de Comunicaci\u00f3n, Prensa, y RRPP<\/p>\n\n\n\n<p>Ministerio P\u00fablico.&nbsp;R.D.<\/p>\n\n\n\n<p>Jueves, 13 de abril de 2023&#8230;.<\/p>\n","protected":false},"excerpt":{"rendered":"<p>SANTIAGO, Rep\u00fablica Dominicana.-\u00a0La Fiscal\u00eda de Santiago logr\u00f3 una condena de 20 a\u00f1os de reclusi\u00f3n mayor en contra de un hombre que viol\u00f3 a una ni\u00f1a de tres a\u00f1os de edad, en un hecho ocurrido en mayo del a\u00f1o 2021.\u00a0\u00a0 La sentencia dictada por el Tercer Tribunal Colegiado de este distrito judicial, integrado por los magistrados [&hellip;]<\/p>\n","protected":false},"author":28,"featured_media":427834,"comment_status":"closed","ping_status":"","sticky":true,"template":"","format":"standard","meta":{"footnotes":""},"categories":[24,29],"tags":[],"class_list":["post-431449","post","type-post","status-publish","format-standard","has-post-thumbnail","hentry","category-justicia-y-derecho","category-policiasucesos"],"_links":{"self":[{"href":"https:\/\/diariodominicano.com\/index.php?rest_route=\/wp\/v2\/posts\/431449","targetHints":{"allow":["GET"]}}],"collection":[{"href":"https:\/\/diariodominicano.com\/index.php?rest_route=\/wp\/v2\/posts"}],"about":[{"href":"https:\/\/diariodominicano.com\/index.php?rest_route=\/wp\/v2\/types\/post"}],"author":[{"embeddable":true,"href":"https:\/\/diariodominicano.com\/index.php?rest_route=\/wp\/v2\/users\/28"}],"replies":[{"embeddable":true,"href":"https:\/\/diariodominicano.com\/index.php?rest_route=%2Fwp%2Fv2%2Fcomments&post=431449"}],"version-history":[{"count":1,"href":"https:\/\/diariodominicano.com\/index.php?rest_route=\/wp\/v2\/posts\/431449\/revisions"}],"predecessor-version":[{"id":431450,"href":"https:\/\/diariodominicano.com\/index.php?rest_route=\/wp\/v2\/posts\/431449\/revisions\/431450"}],"wp:featuredmedia":[{"embeddable":true,"href":"https:\/\/diariodominicano.com\/index.php?rest_route=\/wp\/v2\/media\/427834"}],"wp:attachment":[{"href":"https:\/\/diariodominicano.com\/index.php?rest_route=%2Fwp%2Fv2%2Fmedia&parent=431449"}],"wp:term":[{"taxonomy":"category","embeddable":true,"href":"https:\/\/diariodominicano.com\/index.php?rest_route=%2Fwp%2Fv2%2Fcategories&post=431449"},{"taxonomy":"post_tag","embeddable":true,"href":"https:\/\/diariodominicano.com\/index.php?rest_route=%2Fwp%2Fv2%2Ftags&post=431449"}],"curies":[{"name":"wp","href":"https:\/\/api.w.org\/{rel}","templated":true}]}}