{"id":431286,"date":"2023-04-12T23:33:27","date_gmt":"2023-04-13T03:33:27","guid":{"rendered":"http:\/\/diariodominicano.com\/?p=431286"},"modified":"2023-04-12T23:33:27","modified_gmt":"2023-04-13T03:33:27","slug":"policia-detiene-hombre-por-agredir-fisica-y-verbalmente-a-su-pareja-en-santiago","status":"publish","type":"post","link":"https:\/\/diariodominicano.com\/?p=431286","title":{"rendered":"Polic\u00eda detiene hombre por agredir f\u00edsica y verbalmente a su pareja en Santiago"},"content":{"rendered":"\n<p><strong>Santiago de los Caballeros, R.D., 12 de Abril&nbsp;&nbsp;2023.-<\/strong>&nbsp;Agentes de investigaciones adscritos al destacamento de Cienfuegos, apresaron un hombre por agredir f\u00edsica y verbalmente a su pareja, en un hecho registrado en el&nbsp;&nbsp;ensanche Mella I, del distrito municipal Santiago Oeste.<\/p>\n\n\n\n<p>El prevenido es Vicente Anastacio Baldera Nu\u00f1ez, de 42 a\u00f1os de edad, quien fue arrestado mediante orden judicial&nbsp;&nbsp;No. 02336-2023.<\/p>\n\n\n\n<p>Baldera Nu\u00f1ez fue apresado por los agentes del orden tras responder a denuncia interpuesta por la victima, quien manifest\u00f3 que el hecho se produjo momentos en que&nbsp;&nbsp;se encontraba en su vivienda, localizada en el referido sector, cuando este se present\u00f3 a dicha residencia en estado de embriaguez y&nbsp;&nbsp;sin mediar palabras le propin\u00f3 golpes, destruyendo adem\u00e1s varios ajuares del hogar.<\/p>\n\n\n\n<p>Agrega adem\u00e1s que la amenaz\u00f3 de muerte junto a sus familiares, vocifer\u00e1ndoles tambi\u00e9n palabras obscenas.&nbsp;&nbsp;<\/p>\n\n\n\n<p>En cuanto al detenido fue enviado ante el Ministerio P\u00fablico, para los fines de ley&nbsp;&nbsp;correspondientes.<\/p>\n\n\n\n<p><strong>OFICINA DE INFORMACI\u00d3N Y COMUNICACIONES ESTRAT\u00c9GICAS DIRECCI\u00d3N REGIONAL CIBAO CENTRAL DE LA POLIC\u00cdA NACIONAL.<\/strong><\/p>\n","protected":false},"excerpt":{"rendered":"<p>Santiago de los Caballeros, R.D., 12 de Abril&nbsp;&nbsp;2023.-&nbsp;Agentes de investigaciones adscritos al destacamento de Cienfuegos, apresaron un hombre por agredir f\u00edsica y verbalmente a su pareja, en un hecho registrado en el&nbsp;&nbsp;ensanche Mella I, del distrito municipal Santiago Oeste. El prevenido es Vicente Anastacio Baldera Nu\u00f1ez, de 42 a\u00f1os de edad, quien fue arrestado mediante [&hellip;]<\/p>\n","protected":false},"author":28,"featured_media":431287,"comment_status":"closed","ping_status":"","sticky":false,"template":"","format":"standard","meta":{"footnotes":""},"categories":[29],"tags":[],"class_list":["post-431286","post","type-post","status-publish","format-standard","has-post-thumbnail","hentry","category-policiasucesos"],"_links":{"self":[{"href":"https:\/\/diariodominicano.com\/index.php?rest_route=\/wp\/v2\/posts\/431286","targetHints":{"allow":["GET"]}}],"collection":[{"href":"https:\/\/diariodominicano.com\/index.php?rest_route=\/wp\/v2\/posts"}],"about":[{"href":"https:\/\/diariodominicano.com\/index.php?rest_route=\/wp\/v2\/types\/post"}],"author":[{"embeddable":true,"href":"https:\/\/diariodominicano.com\/index.php?rest_route=\/wp\/v2\/users\/28"}],"replies":[{"embeddable":true,"href":"https:\/\/diariodominicano.com\/index.php?rest_route=%2Fwp%2Fv2%2Fcomments&post=431286"}],"version-history":[{"count":1,"href":"https:\/\/diariodominicano.com\/index.php?rest_route=\/wp\/v2\/posts\/431286\/revisions"}],"predecessor-version":[{"id":431288,"href":"https:\/\/diariodominicano.com\/index.php?rest_route=\/wp\/v2\/posts\/431286\/revisions\/431288"}],"wp:featuredmedia":[{"embeddable":true,"href":"https:\/\/diariodominicano.com\/index.php?rest_route=\/wp\/v2\/media\/431287"}],"wp:attachment":[{"href":"https:\/\/diariodominicano.com\/index.php?rest_route=%2Fwp%2Fv2%2Fmedia&parent=431286"}],"wp:term":[{"taxonomy":"category","embeddable":true,"href":"https:\/\/diariodominicano.com\/index.php?rest_route=%2Fwp%2Fv2%2Fcategories&post=431286"},{"taxonomy":"post_tag","embeddable":true,"href":"https:\/\/diariodominicano.com\/index.php?rest_route=%2Fwp%2Fv2%2Ftags&post=431286"}],"curies":[{"name":"wp","href":"https:\/\/api.w.org\/{rel}","templated":true}]}}