{"id":43126,"date":"2019-07-24T21:31:54","date_gmt":"2019-07-24T21:31:54","guid":{"rendered":"http:\/\/diariodominicano.ddns.net\/?p=43126"},"modified":"2019-07-24T21:31:54","modified_gmt":"2019-07-24T21:31:54","slug":"el-discurso","status":"publish","type":"post","link":"https:\/\/diariodominicano.com\/?p=43126","title":{"rendered":"EL DISCURSO"},"content":{"rendered":"<p><body><\/p>\n<p>EL TIRO RAPIDO<\/p>\n<\/p>\n<p>EL DISCURSO<\/p>\n<\/p>\n<\/p>\n<p>Cuando se hizo el inesperado anuncio de que el Presidente Danilo Medina hablar\u00eda al pa\u00eds a las nueve de la noche de ayer, est\u00e1bamos seguros y sin temor a equivocarnos que una gran mayor\u00eda pens\u00f3 que lo har\u00eda para anunciar su disposici\u00f3n a optar por un nuevo per\u00edodo de gobierno.  <\/p>\n<\/p>\n<\/p>\n<p>De hecho, la opini\u00f3n coincidente de buena parte de los llamados \u00abpolit\u00f3logos\u00bb lo daban por  decidido desde mucho antes, al punto de aventurar que  hacerlo p\u00fablico no pasar\u00eda de ser una mera formalidad. Varios factores contribu\u00edan adem\u00e1s  a fortalecer esa creencia.<\/p>\n<\/p>\n<\/p>\n<p>Uno, su dilatado silencio en torno al tema; otro, la intensa campa\u00f1a p\u00fablica a favor de un nuevo per\u00edodo desarrollada por parte de algunos de sus funcionarios m\u00e1s allegados; los lemas y reclamos a favor de la reelecci\u00f3n en las visitas sorpresa y otras actividades p\u00fablicas a la que concurr\u00eda el presidente. <\/p>\n<\/p>\n<\/p>\n<p>Por otra parte  el hecho singular de que los propios precandidatos del PLD que hab\u00edan anunciado su aspiraci\u00f3n se mostraron p\u00fablicamente a favor de que se modificase la Carta Magna para permitirle presentarse como candidato, con lo cual quedaban autom\u00e1ticamente fuera de competencia; y de remate,  la categ\u00f3rica afirmaci\u00f3n del diputado Elpidio B\u00e1ez, uno de los principales propulsores del proyecto reeleccionista,  dando seguridades de que este martes se introducir\u00eda el proyecto para la reforma de la Carta Magna con ese prop\u00f3sito para lo cual se dispon\u00eda de los votos necesarios a fin de lograr su aprobaci\u00f3n. <\/p>\n<\/p>\n<\/p>\n<p>Todos estos elementos sumados se entend\u00edan como se\u00f1ales evidentes de que el presidente estaba decidido a terciar por nueva vez, present\u00e1ndose como candidato en el 2020, a\u00fan a riesgo de provocar un desgajamiento en el seno del PLD y encandilar el ambiente pol\u00edtico.<\/p>\n<\/p>\n<\/p>\n<p>No ocurri\u00f3 as\u00ed.  Sorprendi\u00f3 a la gran mayor\u00eda, incluso posiblemente a gente muy cercana a el.  Es probable que muy contados estuviesen advertidos del contenido de su discurso.  Como buen estratega pol\u00edtico, y el Presidente Medina ha demostrado serlo en grado de excelencia, el mandatario conoce el valor de la discreci\u00f3n.<\/p>\n<\/p>\n<\/p>\n<p>Su inesperado anuncio ser\u00e1 ahora enfocado a nivel de las mas dis\u00edmiles interpretaciones, dependiendo sobre todo del lado del espectro pol\u00edtico de que provengan.  Para sus seguidores es una elevada demostraci\u00f3n de patriotismo y responsabilidad; para otros, resultado de la intensa movilizaci\u00f3n popular en contra de la reforma constitucional y la reelecci\u00f3n; y a\u00fan para algunos m\u00e1s, de la presi\u00f3n ejercida por los Estados Unidos.  El tema da para mucho y para todo.<\/p>\n<\/p>\n<\/p>\n<p>Pero quiz\u00e1s lo deseable es voltear la p\u00e1gina y como bien expresa en su edici\u00f3n de este d\u00eda la nota editorial de Diario Libre que en mas una ocasi\u00f3n ha sido un fuerte cr\u00edtico del gobierno, \u00abOjal\u00e1 sus adversarios se comporten con la misma gallard\u00eda que mostr\u00f3 el presidente\u00bb.<\/p>\n<\/p>\n<\/p>\n<p>La decisi\u00f3n de Danilo Medina, por otra parte, constituye una total recomposici\u00f3n a lo interno del PLD, urgido ahora de decidirse por el candidato que ofrezca mayores posibilidades de triunfo, as\u00ed como de sus propias fuerzas.<\/p>\n<\/p>\n<\/p>\n<p>Por lo pronto, abre una puerta aunque sea entornada, para tratar de reparar la fracturada unidad del partido la cual constituy\u00f3 un poderoso factor para ayudarle a mantenerse en el poder todos estos a\u00f1os. Ser\u00e1 una tarea trabajosa y delicada la de cerrar heridas abiertas y todav\u00eda sangrantes, limar asperezas, olvidar agravios y conciliar intereses.<\/p>\n<\/p>\n<\/p>\n<p>De que pueda concretarse depender\u00e1 en gran medida que el partido morado logre conservar el poder mas all\u00e1 del 2020.<\/p>\n<\/p>\n<h6> 2019-07-24 21:31:54 <\/h6>\n<p><!--\n<link rel=\"stylesheet\" href=\"css\/bootstrap.min.css\">\n\n\n<ul class=\"pagination\">\n\t    \n\t\n\n<li >\n\t<a href='?page_no=606'>Previous<\/a>\n\t<\/li>\n\n\n       \n    \n\n<li><a href='?page_no=1'>1<\/a><\/li>\n\n\n\n<li><a href='?page_no=2'>2<\/a><\/li>\n\n\n\n<li><a>...<\/a><\/li>\n\n\n\n<li><a href='?page_no=605'>605<\/a><\/li>\n\n\n\n<li><a href='?page_no=606'>606<\/a><\/li>\n\n\n\n<li class='active'><a>607<\/a><\/li>\n\n\n\n<li><a href='?page_no=608'>608<\/a><\/li>\n\n\n\n<li><a href='?page_no=609'>609<\/a><\/li>\n\n\n\n<li><a>...<\/a><\/li>\n\n\n\n<li><a href='?page_no=13611'>13611<\/a><\/li>\n\n\n\n<li><a href='?page_no=13612'>13612<\/a><\/li>\n\n    \n\t\n\n<li >\n\t<a href='?page_no=608'>Next<\/a>\n\t<\/li>\n\n\n    \n\n<li><a href='?page_no=13612'>Last &rsaquo;&rsaquo;<\/a><\/li>\n\n<\/ul>\n\n\n--><br \/>\n<\/body><\/p>\n","protected":false},"excerpt":{"rendered":"<p>EL TIRO RAPIDO EL DISCURSO Cuando se hizo el inesperado anuncio de que el Presidente Danilo Medina hablar\u00eda al pa\u00eds a las nueve de la noche de ayer, est\u00e1bamos seguros y sin temor a equivocarnos que una gran mayor\u00eda pens\u00f3 que lo har\u00eda para anunciar su disposici\u00f3n a optar por un nuevo per\u00edodo de gobierno. [&hellip;]<\/p>\n","protected":false},"author":3,"featured_media":0,"comment_status":"open","ping_status":"open","sticky":false,"template":"","format":"standard","meta":{"footnotes":""},"categories":[16],"tags":[],"class_list":["post-43126","post","type-post","status-publish","format-standard","hentry","category-opiniones"],"_links":{"self":[{"href":"https:\/\/diariodominicano.com\/index.php?rest_route=\/wp\/v2\/posts\/43126","targetHints":{"allow":["GET"]}}],"collection":[{"href":"https:\/\/diariodominicano.com\/index.php?rest_route=\/wp\/v2\/posts"}],"about":[{"href":"https:\/\/diariodominicano.com\/index.php?rest_route=\/wp\/v2\/types\/post"}],"author":[{"embeddable":true,"href":"https:\/\/diariodominicano.com\/index.php?rest_route=\/wp\/v2\/users\/3"}],"replies":[{"embeddable":true,"href":"https:\/\/diariodominicano.com\/index.php?rest_route=%2Fwp%2Fv2%2Fcomments&post=43126"}],"version-history":[{"count":0,"href":"https:\/\/diariodominicano.com\/index.php?rest_route=\/wp\/v2\/posts\/43126\/revisions"}],"wp:attachment":[{"href":"https:\/\/diariodominicano.com\/index.php?rest_route=%2Fwp%2Fv2%2Fmedia&parent=43126"}],"wp:term":[{"taxonomy":"category","embeddable":true,"href":"https:\/\/diariodominicano.com\/index.php?rest_route=%2Fwp%2Fv2%2Fcategories&post=43126"},{"taxonomy":"post_tag","embeddable":true,"href":"https:\/\/diariodominicano.com\/index.php?rest_route=%2Fwp%2Fv2%2Ftags&post=43126"}],"curies":[{"name":"wp","href":"https:\/\/api.w.org\/{rel}","templated":true}]}}