{"id":431162,"date":"2023-04-12T18:27:52","date_gmt":"2023-04-12T22:27:52","guid":{"rendered":"http:\/\/diariodominicano.com\/?p=431162"},"modified":"2023-04-12T18:27:52","modified_gmt":"2023-04-12T22:27:52","slug":"condenan-a-15-anos-de-prision-a-un-ciudadano-haitiano-que-agredio-fisica-y-sexualmente-a-una-adolescente","status":"publish","type":"post","link":"https:\/\/diariodominicano.com\/?p=431162","title":{"rendered":"Condenan a 15 a\u00f1os de prisi\u00f3n a un ciudadano haitiano que agredi\u00f3 f\u00edsica y sexualmente a una adolescente\u00a0"},"content":{"rendered":"\n<p><strong>SANTO DOMINGO ESTE, Rep\u00fablica Dominicana. \u2013<\/strong>\u00a0La Fiscal\u00eda de Santo Domingo Este y Norte obtuvo una condena de 15 a\u00f1os de prisi\u00f3n en contra de un hombre de nacionalidad haitiana que agredi\u00f3 f\u00edsica y sexualmente a una ni\u00f1a de 15 a\u00f1os de edad, en un hecho ocurrido en el a\u00f1o 2020, en el sector El Almirante de la provincia Santo Domingo.<\/p>\n\n\n\n<p>La condena le fue impuesta por el Segundo Tribunal Colegiado, que preside la jueza Ariela Cedano, a Jolifer Valdy, quien cumplir\u00e1 la sentencia en la Penitenciar\u00eda Nacional de La Victoria a cumplir la condena, por los hechos cometidos en perjuicio de la menor de nacionalidad haitiana, cuyo nombre se omite para proteger su identidad.<\/p>\n\n\n\n<p>Durante el juicio, las fiscales&nbsp; Marlene Roa y Julissa Hern\u00e1ndez, demostraron con pruebas testimoniales, periciales, documentales, procesales y materiales, la culpabilidad de Valdy, quien con su accionar falt\u00f3 a los art\u00edculos 331 del C\u00f3digo Penal Dominicano, modificado por la Ley 24-97, que castiga la agresi\u00f3n sexual, abuso sexual y psicol\u00f3gico, adem\u00e1s de los art\u00edculos 12, 13, 14,15,16, 396 incisos b y c de la Ley 136-03, sobre protecci\u00f3n de Ni\u00f1os, Ni\u00f1as y Adolescentes.<\/p>\n\n\n\n<p>Los hechos ocurrieron la tarde del 18 de septiembre del a\u00f1o 2020, cuando el agresor aprovech\u00f3 que la v\u00edctima se encontraba sola en su casa, para ingresar a la vivienda y posteriormente a la habitaci\u00f3n donde la adolecente de 15 a\u00f1os se vest\u00eda.<\/p>\n\n\n\n<p>El hoy procesado le solicit\u00f3 a la v\u00edctima que se desvistiera, a lo que se neg\u00f3, lo que provoc\u00f3 que Valdy la golpeara, hasta lograr violarla sexualmente y una vez concluidas las agresiones huy\u00f3 del lugar.<\/p>\n\n\n\n<p><strong>Direcci\u00f3n General de Comunicaci\u00f3n, Prensa, y RRPP<\/strong><\/p>\n\n\n\n<p>Ministerio P\u00fablico.&nbsp;R.D.<\/p>\n\n\n\n<p>Mi\u00e9rcoles, 13 de marzo de 2023<\/p>\n","protected":false},"excerpt":{"rendered":"<p>SANTO DOMINGO ESTE, Rep\u00fablica Dominicana. \u2013\u00a0La Fiscal\u00eda de Santo Domingo Este y Norte obtuvo una condena de 15 a\u00f1os de prisi\u00f3n en contra de un hombre de nacionalidad haitiana que agredi\u00f3 f\u00edsica y sexualmente a una ni\u00f1a de 15 a\u00f1os de edad, en un hecho ocurrido en el a\u00f1o 2020, en el sector El Almirante [&hellip;]<\/p>\n","protected":false},"author":28,"featured_media":368341,"comment_status":"closed","ping_status":"","sticky":true,"template":"","format":"standard","meta":{"footnotes":""},"categories":[24,29,27],"tags":[],"class_list":["post-431162","post","type-post","status-publish","format-standard","has-post-thumbnail","hentry","category-justicia-y-derecho","category-policiasucesos","category-portada"],"_links":{"self":[{"href":"https:\/\/diariodominicano.com\/index.php?rest_route=\/wp\/v2\/posts\/431162","targetHints":{"allow":["GET"]}}],"collection":[{"href":"https:\/\/diariodominicano.com\/index.php?rest_route=\/wp\/v2\/posts"}],"about":[{"href":"https:\/\/diariodominicano.com\/index.php?rest_route=\/wp\/v2\/types\/post"}],"author":[{"embeddable":true,"href":"https:\/\/diariodominicano.com\/index.php?rest_route=\/wp\/v2\/users\/28"}],"replies":[{"embeddable":true,"href":"https:\/\/diariodominicano.com\/index.php?rest_route=%2Fwp%2Fv2%2Fcomments&post=431162"}],"version-history":[{"count":1,"href":"https:\/\/diariodominicano.com\/index.php?rest_route=\/wp\/v2\/posts\/431162\/revisions"}],"predecessor-version":[{"id":431163,"href":"https:\/\/diariodominicano.com\/index.php?rest_route=\/wp\/v2\/posts\/431162\/revisions\/431163"}],"wp:featuredmedia":[{"embeddable":true,"href":"https:\/\/diariodominicano.com\/index.php?rest_route=\/wp\/v2\/media\/368341"}],"wp:attachment":[{"href":"https:\/\/diariodominicano.com\/index.php?rest_route=%2Fwp%2Fv2%2Fmedia&parent=431162"}],"wp:term":[{"taxonomy":"category","embeddable":true,"href":"https:\/\/diariodominicano.com\/index.php?rest_route=%2Fwp%2Fv2%2Fcategories&post=431162"},{"taxonomy":"post_tag","embeddable":true,"href":"https:\/\/diariodominicano.com\/index.php?rest_route=%2Fwp%2Fv2%2Ftags&post=431162"}],"curies":[{"name":"wp","href":"https:\/\/api.w.org\/{rel}","templated":true}]}}