{"id":431084,"date":"2023-04-12T17:25:56","date_gmt":"2023-04-12T21:25:56","guid":{"rendered":"http:\/\/diariodominicano.com\/?p=431084"},"modified":"2023-04-12T17:25:56","modified_gmt":"2023-04-12T21:25:56","slug":"la-fiscalia-de-santiago-apresa-y-solicita-prision-preventiva-contra-imputados-de-ser-miembros-de-estructura-del-sicariato-en-navarrete","status":"publish","type":"post","link":"https:\/\/diariodominicano.com\/?p=431084","title":{"rendered":"La Fiscal\u00eda de Santiago apresa y solicita prisi\u00f3n preventiva contra imputados de ser  miembros de estructura del sicariato en Navarrete"},"content":{"rendered":"\n<p><\/p>\n\n\n\n<p><strong>SANTIAGO, Rep\u00fablica Dominicana.-<\/strong>&nbsp;La Fiscal\u00eda de Santiago solicit\u00f3 que se ordene la prisi\u00f3n preventiva, como medida de coerci\u00f3n, en contra de tres hombres y una mujer a los que atribuye la comisi\u00f3n de numerosos cr\u00edmenes en Navarrete y otras demarcaciones de la provincia Santiago, incluyendo el asesinato de dos personas.&nbsp;<\/p>\n\n\n\n<p>Con una multiplicidad de pruebas que se han recabado desde septiembre del a\u00f1o 2022, el Ministerio P\u00fablico individualiz\u00f3 y judicializ\u00f3 a los imputados Cristian Mart\u00ednez Jim\u00e9nez, Daniela Mu\u00f1oz Rodr\u00edguez, Dar\u00edo Tom\u00e1s Cruz Polanco y Javier Francisco Disla,&nbsp; a quienes atribuye constituirse en asociaci\u00f3n de malhechores para asesinar a Nicaury Ortega Reynoso y Joel Mart\u00ednez Minaya en un hecho ocurrido en el municipio de Navarrete, se\u00f1ala un comunicado de prensa del Ministerio P\u00fablico.&nbsp;<\/p>\n\n\n\n<p>Los imputados, como parte de una estructura del sicariato y el narcotr\u00e1fico, se asociaron para darle muerte a las v\u00edctimas, para lo cual se reunieron en el sector Los Solares de Navarrete y planificaron el doble crimen.&nbsp;<\/p>\n\n\n\n<p>Cada uno asumi\u00f3 una participaci\u00f3n en el hecho, en tanto que la imputada Daniela Mu\u00f1oz Rodr\u00edguez, se manten\u00eda en comunicaci\u00f3n con una de las v\u00edctimas, a fin de mantenerlo ubicado en tiempo y lugar exactos, para que sus asociados perpetraran el asesinato.<\/p>\n\n\n\n<p>A partir de los hechos, el Ministerio P\u00fablico otorg\u00f3 al proceso la calificaci\u00f3n jur\u00eddica establecida en los art\u00edculos 265, 266, 296, 297 y 302 del C\u00f3digo Penal Dominicano, que castigan los delitos de asociaci\u00f3n de malhechores y asesinato.&nbsp;<\/p>\n\n\n\n<p>Entre las pruebas el Ministerio P\u00fablico posee elementos tales como armas de fuego, ropas, un casco protector y otros utilizados por los imputados en la comisi\u00f3n de los hechos.<\/p>\n\n\n\n<p><strong>Direcci\u00f3n General de Comunicaci\u00f3n, Prensa, y RRPP<\/strong><\/p>\n\n\n\n<p>Ministerio P\u00fablico.&nbsp;R.D.<\/p>\n\n\n\n<p>Mi\u00e9rcoles, 12 de marzo de 2023<\/p>\n","protected":false},"excerpt":{"rendered":"<p>SANTIAGO, Rep\u00fablica Dominicana.-&nbsp;La Fiscal\u00eda de Santiago solicit\u00f3 que se ordene la prisi\u00f3n preventiva, como medida de coerci\u00f3n, en contra de tres hombres y una mujer a los que atribuye la comisi\u00f3n de numerosos cr\u00edmenes en Navarrete y otras demarcaciones de la provincia Santiago, incluyendo el asesinato de dos personas.&nbsp; Con una multiplicidad de pruebas que [&hellip;]<\/p>\n","protected":false},"author":28,"featured_media":427834,"comment_status":"closed","ping_status":"","sticky":true,"template":"","format":"standard","meta":{"footnotes":""},"categories":[24,29,27],"tags":[],"class_list":["post-431084","post","type-post","status-publish","format-standard","has-post-thumbnail","hentry","category-justicia-y-derecho","category-policiasucesos","category-portada"],"_links":{"self":[{"href":"https:\/\/diariodominicano.com\/index.php?rest_route=\/wp\/v2\/posts\/431084","targetHints":{"allow":["GET"]}}],"collection":[{"href":"https:\/\/diariodominicano.com\/index.php?rest_route=\/wp\/v2\/posts"}],"about":[{"href":"https:\/\/diariodominicano.com\/index.php?rest_route=\/wp\/v2\/types\/post"}],"author":[{"embeddable":true,"href":"https:\/\/diariodominicano.com\/index.php?rest_route=\/wp\/v2\/users\/28"}],"replies":[{"embeddable":true,"href":"https:\/\/diariodominicano.com\/index.php?rest_route=%2Fwp%2Fv2%2Fcomments&post=431084"}],"version-history":[{"count":1,"href":"https:\/\/diariodominicano.com\/index.php?rest_route=\/wp\/v2\/posts\/431084\/revisions"}],"predecessor-version":[{"id":431126,"href":"https:\/\/diariodominicano.com\/index.php?rest_route=\/wp\/v2\/posts\/431084\/revisions\/431126"}],"wp:featuredmedia":[{"embeddable":true,"href":"https:\/\/diariodominicano.com\/index.php?rest_route=\/wp\/v2\/media\/427834"}],"wp:attachment":[{"href":"https:\/\/diariodominicano.com\/index.php?rest_route=%2Fwp%2Fv2%2Fmedia&parent=431084"}],"wp:term":[{"taxonomy":"category","embeddable":true,"href":"https:\/\/diariodominicano.com\/index.php?rest_route=%2Fwp%2Fv2%2Fcategories&post=431084"},{"taxonomy":"post_tag","embeddable":true,"href":"https:\/\/diariodominicano.com\/index.php?rest_route=%2Fwp%2Fv2%2Ftags&post=431084"}],"curies":[{"name":"wp","href":"https:\/\/api.w.org\/{rel}","templated":true}]}}