{"id":43104,"date":"2019-07-28T15:44:21","date_gmt":"2019-07-28T15:44:21","guid":{"rendered":"http:\/\/diariodominicano.ddns.net\/?p=43104"},"modified":"2019-07-28T15:44:21","modified_gmt":"2019-07-28T15:44:21","slug":"cultivar-lazos-para-levantar-cabeza","status":"publish","type":"post","link":"https:\/\/diariodominicano.com\/?p=43104","title":{"rendered":"CULTIVAR LAZOS PARA LEVANTAR CABEZA"},"content":{"rendered":"<p><body><\/p>\n<p>ALGO M\u00c1S QUE PALABRAS<\/p>\n<\/p>\n<p>CULTIVAR LAZOS PARA LEVANTAR CABEZA <\/p>\n<\/p>\n<p>\u00abEl venirse abajo no es algo fat\u00eddico, la cuesti\u00f3n est\u00e1 en tomar aliento y aglutinar valor para continuar el camino.\u00bb<\/p>\n<\/p>\n<p>=========================<\/p>\n<p>V\u00edctor Corcoba Herrero\/ Escritor<\/p>\n<p>corcoba@telefonica.net<\/p>\n<p>========================= <\/p>\n<\/p>\n<p>\tMe emocionan esas gentes siempre dispuestas a donarse, a luchar por el bien colectivo, renunciando a sus intereses personales, acogiendo en su existencia un proceder de encuentro y acogida. Confesar\u00e9 tambi\u00e9n que me inquieta esa otra ciudadan\u00eda encerrada en s\u00ed misma, que no comparte el ejercicio generoso y responsable de su distintiva misi\u00f3n. Nuestro propio h\u00e1bitat nos requiere a todos un cambio en nuestra manera de vivir. Cuidado con los golpes atmosf\u00e9ricos, con los garrotazos que nos damos unos a otros, con las contrariedades entre palabras y hechos, aparte de otros ademanes impropios de seres que han de armonizar, construir y trascender, lejos de ese af\u00e1n dominador que nos viene dejando bloqueados. <\/p>\n<\/p>\n<p>Ciertamente, hemos de movilizarnos ante nuestras propias miserias humanas. Tan importante como ponernos en acci\u00f3n es no encogerse de hombros, para que cesen las hostilidades mundanas que nos est\u00e1n dejando sin nervio para batallar. No es de recibo proseguir combatiendo como salvajes, activando tragedias por doquier, en lugar de trazar otro esp\u00edritu m\u00e1s acorde con el crecimiento de cada cual. Por tanto, lo que m\u00e1s hay que cuidar es el coraz\u00f3n. Este clima de falsedades que nos inunda, junto a este oleaje de pensamientos vac\u00edos, nos est\u00e1n haciendo retroceder como especie pensante. Efectivamente, lo que proliferan son las habladur\u00edas y los cotilleos, abecedario destructor a gusto de los poderosos que todo lo comercializan. No olvidemos que todo en su vida es puro inter\u00e9s y negocio. Casi como los actuales profesionales de la pol\u00edtica que, en lugar de ser servidores, suelen servirse del pueblo.<\/p>\n<\/p>\n<p>\tAnte esta bochornosa realidad, en la que vamos de fracaso en fracaso; y, a\u00fan lo que es peor, sin dejarnos acompa\u00f1ar por gentes de principios y valores, al menos para poder incorporarnos, sin ser triturados por nuestras propias necedades. Desde luego, la experiencia de la frustraci\u00f3n, vivencia incluyente en todos los humanos, ha de instarnos a esforzarnos mucho m\u00e1s en ese reencuentro con la vida en comunidad, sin desesperarse, trabajando arduamente y aprendiendo de los desenga\u00f1os. Sea como fuere, hemos de levantar cabeza siempre. El venirse abajo no es algo fat\u00eddico, la cuesti\u00f3n est\u00e1 en tomar aliento y aglutinar valor para continuar el camino. Realmente no s\u00e9 cu\u00e1l puede ser la llave del \u00e9xito, lo que s\u00ed s\u00e9, que las cerraduras de los reveses que todos coleccionamos en nuestra historia, se solventan poniendo m\u00e1s alma en nuestros andares. <\/p>\n<\/p>\n<p>En efecto, tampoco podemos quedarnos paralizados por muy fuerte que sea la tragedia. Lo vital es continuar adelante, nada de abatirse, ni de tirar la toalla, mientras hay pulso tenemos una relaci\u00f3n que elaborar, realizar y ejecutar. Ojal\u00e1 comience como un ben\u00e9fico sue\u00f1o, como un proyecto de uni\u00f3n y unidad, como una confluencia de acceso a lo arm\u00f3nico. Al fin y al cabo, es cuesti\u00f3n de plantarle cara a esa legi\u00f3n de absurdos sembradores de conflictos, para los que quiz\u00e1s tengamos que ser mejores artesanos del verbo, pues se trata de conjugar desatinos con nuevos tinos, de poner buenos timbres a los tonos, y de activar el arte de lo aut\u00e9ntico, lo que requiere serenidad, constancia en lo creativo, sensibilidad en el moverse y destreza en la actuaci\u00f3n. Cu\u00e1ntas m\u00e1s vidas se sumen a esto,  mejor ser\u00e1 el ambiente. <\/p>\n<\/p>\n<p>\tA mi juicio, por ende, es fundamental elevar el \u00e1nimo en un mundo al que hemos de hacer frente a multitud de retos, escollos y fibras divisorias, que amenazan nuestra propia destrucci\u00f3n humana. Desde luego, urge cultivar lazos de afecto, al menos para fortalecer la confianza entre culturas. El apoyo social ha de estar ah\u00ed siempre, ya que para lograr un mundo m\u00e1s justo, hacen falta otras est\u00e9ticas m\u00e1s verdaderas, m\u00e1s l\u00facidas e ingeniosas que contribuyan a que permanezcamos todos ensamblados en torno a las bondades que vierte el servicio en com\u00fan. <\/p>\n<\/p>\n<p>El d\u00eda que los seres humanos en su conjunto sean fuente de armon\u00eda, germinar\u00e1 esa atm\u00f3sfera fraterna tan necesaria como imprescindible para todo avance. Por eso, a esas personas que se ocupan de propagar concordia en todas partes, ellos s\u00ed que son los grandes cultivadores de la palabra, hecha luz, revertida en verso, conjugada y embellecida para que se restauren unos sistemas econ\u00f3micos m\u00e1s justos, que no excluyan a nadie, y que \u00fanicamente nos hermanen y vivifiquen. Pongamos audacia y fervor, en consecuencia, al menos para seguir sorprendi\u00e9ndonos de una din\u00e1mica positiva, aquella de la que siempre brota el verdadero encuentro de latidos. L\u00f3gicamente, la amistad entre linajes es nuestra salvaci\u00f3n. Vale m\u00e1s que el talento, porque es el mejor talante, al ser un goce gratuito que nos gratifica con mejor savia para todos. <\/p>\n<\/p>\n<p>V\u00edctor Corcoba Herrero\/ Escritor<\/p>\n<p>corcoba@telefonica.net<\/p>\n<p>28 de julio de 2019<\/p>\n<h6> 2019-07-28 15:44:21 <\/h6>\n<p><!--\n<link rel=\"stylesheet\" href=\"css\/bootstrap.min.css\">\n\n\n<ul class=\"pagination\">\n\t    \n\t\n\n<li >\n\t<a href='?page_no=604'>Previous<\/a>\n\t<\/li>\n\n\n       \n    \n\n<li><a href='?page_no=1'>1<\/a><\/li>\n\n\n\n<li><a href='?page_no=2'>2<\/a><\/li>\n\n\n\n<li><a>...<\/a><\/li>\n\n\n\n<li><a href='?page_no=603'>603<\/a><\/li>\n\n\n\n<li><a href='?page_no=604'>604<\/a><\/li>\n\n\n\n<li class='active'><a>605<\/a><\/li>\n\n\n\n<li><a href='?page_no=606'>606<\/a><\/li>\n\n\n\n<li><a href='?page_no=607'>607<\/a><\/li>\n\n\n\n<li><a>...<\/a><\/li>\n\n\n\n<li><a href='?page_no=13611'>13611<\/a><\/li>\n\n\n\n<li><a href='?page_no=13612'>13612<\/a><\/li>\n\n    \n\t\n\n<li >\n\t<a href='?page_no=606'>Next<\/a>\n\t<\/li>\n\n\n    \n\n<li><a href='?page_no=13612'>Last &rsaquo;&rsaquo;<\/a><\/li>\n\n<\/ul>\n\n\n--><br \/>\n<\/body><\/p>\n","protected":false},"excerpt":{"rendered":"<p>ALGO M\u00c1S QUE PALABRAS CULTIVAR LAZOS PARA LEVANTAR CABEZA \u00abEl venirse abajo no es algo fat\u00eddico, la cuesti\u00f3n est\u00e1 en tomar aliento y aglutinar valor para continuar el camino.\u00bb ========================= V\u00edctor Corcoba Herrero\/ Escritor corcoba@telefonica.net ========================= Me emocionan esas gentes siempre dispuestas a donarse, a luchar por el bien colectivo, renunciando a sus intereses personales, [&hellip;]<\/p>\n","protected":false},"author":3,"featured_media":0,"comment_status":"open","ping_status":"open","sticky":false,"template":"","format":"standard","meta":{"footnotes":""},"categories":[16],"tags":[],"class_list":["post-43104","post","type-post","status-publish","format-standard","hentry","category-opiniones"],"_links":{"self":[{"href":"https:\/\/diariodominicano.com\/index.php?rest_route=\/wp\/v2\/posts\/43104","targetHints":{"allow":["GET"]}}],"collection":[{"href":"https:\/\/diariodominicano.com\/index.php?rest_route=\/wp\/v2\/posts"}],"about":[{"href":"https:\/\/diariodominicano.com\/index.php?rest_route=\/wp\/v2\/types\/post"}],"author":[{"embeddable":true,"href":"https:\/\/diariodominicano.com\/index.php?rest_route=\/wp\/v2\/users\/3"}],"replies":[{"embeddable":true,"href":"https:\/\/diariodominicano.com\/index.php?rest_route=%2Fwp%2Fv2%2Fcomments&post=43104"}],"version-history":[{"count":0,"href":"https:\/\/diariodominicano.com\/index.php?rest_route=\/wp\/v2\/posts\/43104\/revisions"}],"wp:attachment":[{"href":"https:\/\/diariodominicano.com\/index.php?rest_route=%2Fwp%2Fv2%2Fmedia&parent=43104"}],"wp:term":[{"taxonomy":"category","embeddable":true,"href":"https:\/\/diariodominicano.com\/index.php?rest_route=%2Fwp%2Fv2%2Fcategories&post=43104"},{"taxonomy":"post_tag","embeddable":true,"href":"https:\/\/diariodominicano.com\/index.php?rest_route=%2Fwp%2Fv2%2Ftags&post=43104"}],"curies":[{"name":"wp","href":"https:\/\/api.w.org\/{rel}","templated":true}]}}