{"id":430855,"date":"2023-04-11T20:45:24","date_gmt":"2023-04-12T00:45:24","guid":{"rendered":"http:\/\/diariodominicano.com\/?p=430855"},"modified":"2023-04-11T20:45:24","modified_gmt":"2023-04-12T00:45:24","slug":"policia-de-haiti-abatio-a-tres-presuntos-miembros-de-pandillas","status":"publish","type":"post","link":"https:\/\/diariodominicano.com\/?p=430855","title":{"rendered":"Polic\u00eda de Hait\u00ed abati\u00f3 a tres presuntos miembros de pandillas"},"content":{"rendered":"\n<p>Puerto Pr\u00edncipe, 11 abr (Prensa Latina) La Polic\u00eda de Hait\u00ed abati\u00f3 a tres presuntos pandilleros y recuper\u00f3 varias armas de fuego durante una operaci\u00f3n en Thomassin, comuna de Petion Ville, confirm\u00f3 hoy el portavoz de la instituci\u00f3n Gary Desrosiers.&nbsp;&nbsp;&nbsp;&nbsp;<\/p>\n\n\n\n<ul class=\"wp-block-list\"><li>abril 11, 2023<\/li><li>CDT09:56 (GMT) -0400<\/li><\/ul>\n\n\n\n<p>Unas 24 horas despu\u00e9s de que el grupo armado de Ti Makak asesinara a tres agentes en la misma zona, las fuerzas de seguridad realizaron una maniobra para derrotar a las bandas que aterrorizan a la poblaci\u00f3n civil, asegur\u00f3 el vocero.<\/p>\n\n\n\n<p>Como resultado tres presuntos delincuentes fueron mortalmente heridos y se confiscaron dos fusiles de asalto, un M4 y un Gali, precis\u00f3 Desrosiers.<\/p>\n\n\n\n<p>El domingo los hombres de Ti Makak atacaron a una patrulla con siete oficiales en Thomassin 32, al sudeste de esta capital, provocando la muerte de tres polic\u00edas mientras que otro result\u00f3 ligeramente herido.<\/p>\n\n\n\n<p>Una imagen que circul\u00f3 ampliamente en las redes sociales mostr\u00f3 los cuerpos sin vida de Pierre Junior Dorc\u00e9, Robenson Nicolas y Med\u00e8ze Fortilien junto a una motocicleta.<\/p>\n\n\n\n<p>El primer ministro, Ariel Henry, describi\u00f3 el incidente como una barbarie y lament\u00f3 que \u201cmatones sin ley\u201d siguen sembrando el terror en un pa\u00eds \u201ctan da\u00f1ado y enlutado\u201d.<\/p>\n\n\n\n<p>Tambi\u00e9n reiter\u00f3 su determinaci\u00f3n a hacer todo lo posible para crear un clima de seguridad y estabilidad y se comprometi\u00f3 con una soluci\u00f3n duradera.<\/p>\n\n\n\n<p>Por su parte, la Oficina Integrada de Naciones Unidas en Hait\u00ed conden\u00f3 el asesinato de los agentes mientras cumpl\u00edan con su deber de proteger a la poblaci\u00f3n, calific\u00f3 el incidente de despreciable y denunci\u00f3 que las bandas armadas \u201ccampean a sus anchas por el pa\u00eds\u201d.<\/p>\n\n\n\n<p>En lo que va de a\u00f1o al menos 21 polic\u00edas fueron asesinados por pandillas que ganaron terreno tras el asesinato del presidente Jovenel Mo\u00efse en julio de 2021 y actualmente controlan m\u00e1s del 80 por ciento de Puerto Pr\u00edncipe.<\/p>\n\n\n\n<p>mem\/ane<\/p>\n","protected":false},"excerpt":{"rendered":"<p>Puerto Pr\u00edncipe, 11 abr (Prensa Latina) La Polic\u00eda de Hait\u00ed abati\u00f3 a tres presuntos pandilleros y recuper\u00f3 varias armas de fuego durante una operaci\u00f3n en Thomassin, comuna de Petion Ville, confirm\u00f3 hoy el portavoz de la instituci\u00f3n Gary Desrosiers.&nbsp;&nbsp;&nbsp;&nbsp; abril 11, 2023 CDT09:56 (GMT) -0400 Unas 24 horas despu\u00e9s de que el grupo armado de [&hellip;]<\/p>\n","protected":false},"author":28,"featured_media":430856,"comment_status":"closed","ping_status":"","sticky":true,"template":"","format":"standard","meta":{"footnotes":""},"categories":[112,23,27],"tags":[],"class_list":["post-430855","post","type-post","status-publish","format-standard","has-post-thumbnail","hentry","category-haiti","category-internacional","category-portada"],"_links":{"self":[{"href":"https:\/\/diariodominicano.com\/index.php?rest_route=\/wp\/v2\/posts\/430855","targetHints":{"allow":["GET"]}}],"collection":[{"href":"https:\/\/diariodominicano.com\/index.php?rest_route=\/wp\/v2\/posts"}],"about":[{"href":"https:\/\/diariodominicano.com\/index.php?rest_route=\/wp\/v2\/types\/post"}],"author":[{"embeddable":true,"href":"https:\/\/diariodominicano.com\/index.php?rest_route=\/wp\/v2\/users\/28"}],"replies":[{"embeddable":true,"href":"https:\/\/diariodominicano.com\/index.php?rest_route=%2Fwp%2Fv2%2Fcomments&post=430855"}],"version-history":[{"count":1,"href":"https:\/\/diariodominicano.com\/index.php?rest_route=\/wp\/v2\/posts\/430855\/revisions"}],"predecessor-version":[{"id":430857,"href":"https:\/\/diariodominicano.com\/index.php?rest_route=\/wp\/v2\/posts\/430855\/revisions\/430857"}],"wp:featuredmedia":[{"embeddable":true,"href":"https:\/\/diariodominicano.com\/index.php?rest_route=\/wp\/v2\/media\/430856"}],"wp:attachment":[{"href":"https:\/\/diariodominicano.com\/index.php?rest_route=%2Fwp%2Fv2%2Fmedia&parent=430855"}],"wp:term":[{"taxonomy":"category","embeddable":true,"href":"https:\/\/diariodominicano.com\/index.php?rest_route=%2Fwp%2Fv2%2Fcategories&post=430855"},{"taxonomy":"post_tag","embeddable":true,"href":"https:\/\/diariodominicano.com\/index.php?rest_route=%2Fwp%2Fv2%2Ftags&post=430855"}],"curies":[{"name":"wp","href":"https:\/\/api.w.org\/{rel}","templated":true}]}}