{"id":430810,"date":"2023-04-11T12:22:08","date_gmt":"2023-04-11T16:22:08","guid":{"rendered":"http:\/\/diariodominicano.com\/?p=430810"},"modified":"2023-04-11T12:22:08","modified_gmt":"2023-04-11T16:22:08","slug":"policia-nacional-localiza-y-recupera-ocho-motocicletas-sustraidas-a-sus-ocupantes-en-santiago","status":"publish","type":"post","link":"https:\/\/diariodominicano.com\/?p=430810","title":{"rendered":"Polic\u00eda Nacional localiza y recupera ocho motocicletas sustra\u00eddas a sus ocupantes en Santiago"},"content":{"rendered":"\n<p><strong>Santiago de los Caballeros, R.D., 11 de Abril\u00a0\u00a02023.-<\/strong>Ocho  motocicletas fueron localizadas y recuperadas por agentes policiales adscritos a la Divisi\u00f3n de Veh\u00edculos Recuperados de la  Direcci\u00f3n Regional Cibao Central, mediante seguimiento a denuncia interpuesta por ciudadanos v\u00edctimas de robo de sus motores,\u00a0\u00a0los \u00faltimos d\u00edas,\u00a0\u00a0en diferentes sectores de esta ciudad, inform\u00f3 la instituci\u00f3n en un comunicado de prensa.<\/p>\n\n\n\n<p>La Polic\u00eda se\u00f1al\u00f3, que dichas motocicletas recuperadas fueron sustra\u00eddas mediante atraco y descuido por el reconocido antisocial&nbsp;&nbsp;Fili Waldy Espinal, apodado Fili, quien fue arrestado el d\u00eda&nbsp;&nbsp;ayer por dichos casos, siendo identificado por las v\u00edctimas como el autor de cometer dichos robos.<\/p>\n\n\n\n<p>Entre las motocicletas recuperadas figuran la marca Tauro, modelo CG-200, color rojo, chasis No. TARPCM501NC000786, dejada abandonada en el sector los Salados.<\/p>\n\n\n\n<p>En la calle Principal del Sector Pek\u00edn,&nbsp;&nbsp;fueron&nbsp;&nbsp;localizadas&nbsp;&nbsp;abandonadas, las&nbsp;&nbsp;motocicletas&nbsp;&nbsp;marca S\u00faper Gato, modelo V150, placa K2279213, chasis No.&nbsp;&nbsp;LYDTCKX03M1200542 y otra marca Yamaha, modelo 3YJ, placa N272165, chasis No.&nbsp;&nbsp;3YJ2803504.<\/p>\n\n\n\n<p>Asimismo en&nbsp;&nbsp;Villa Progreso la Herradura,&nbsp;&nbsp;fue recuperada la motocicleta marca X-1000, modelo CG 200 (SP), placa No. K0699365, color negro, chasis No. TBL20P104EHJ57772, mientras que en la avenida Ram\u00f3n C\u00e1ceres, fue localizada&nbsp;&nbsp;la motocicleta marca Honda, modelo C70, color verde, chasis C70-8517572.<\/p>\n\n\n\n<p>Adem\u00e1s la Polic\u00eda inform\u00f3 que fue&nbsp;&nbsp;apresado Jeifry De Jes\u00fas Reyes V\u00e1squez, quien se present\u00f3 a la Direcci\u00f3n Regional Norte DIGESETT, para que le sea aplicada la infracci\u00f3n por una falta cometida y a la vez&nbsp;&nbsp;retirar su motocicleta marca x-1000, Modelo CG200, de&nbsp;&nbsp;color negro, placa No. K0982356, a\u00f1o 2013, chasis No. TBL20P105DHB72773, con la matricula No. 9245804, a nombre de otra persona y con datos diferentes, presuntamente falta.<\/p>\n\n\n\n<p>Todas las motocicletas se encuentran en el departamento correspondiente, para ser entregadas a sus propietarios, cumpliendo con los lineamientos requeridos.<\/p>\n\n\n\n<p><strong>OFICINA DE INFORMACI\u00d3N Y COMUNICACIONES ESTRAT\u00c9GICAS DIRECCI\u00d3N REGIONAL CIBAO CENTRAL DE LA POLIC\u00cdA NACIONAL.<\/strong><\/p>\n","protected":false},"excerpt":{"rendered":"<p>Santiago de los Caballeros, R.D., 11 de Abril\u00a0\u00a02023.-Ocho motocicletas fueron localizadas y recuperadas por agentes policiales adscritos a la Divisi\u00f3n de Veh\u00edculos Recuperados de la Direcci\u00f3n Regional Cibao Central, mediante seguimiento a denuncia interpuesta por ciudadanos v\u00edctimas de robo de sus motores,\u00a0\u00a0los \u00faltimos d\u00edas,\u00a0\u00a0en diferentes sectores de esta ciudad, inform\u00f3 la instituci\u00f3n en un comunicado [&hellip;]<\/p>\n","protected":false},"author":28,"featured_media":430811,"comment_status":"closed","ping_status":"","sticky":true,"template":"","format":"standard","meta":{"footnotes":""},"categories":[29,27],"tags":[],"class_list":["post-430810","post","type-post","status-publish","format-standard","has-post-thumbnail","hentry","category-policiasucesos","category-portada"],"_links":{"self":[{"href":"https:\/\/diariodominicano.com\/index.php?rest_route=\/wp\/v2\/posts\/430810","targetHints":{"allow":["GET"]}}],"collection":[{"href":"https:\/\/diariodominicano.com\/index.php?rest_route=\/wp\/v2\/posts"}],"about":[{"href":"https:\/\/diariodominicano.com\/index.php?rest_route=\/wp\/v2\/types\/post"}],"author":[{"embeddable":true,"href":"https:\/\/diariodominicano.com\/index.php?rest_route=\/wp\/v2\/users\/28"}],"replies":[{"embeddable":true,"href":"https:\/\/diariodominicano.com\/index.php?rest_route=%2Fwp%2Fv2%2Fcomments&post=430810"}],"version-history":[{"count":1,"href":"https:\/\/diariodominicano.com\/index.php?rest_route=\/wp\/v2\/posts\/430810\/revisions"}],"predecessor-version":[{"id":430812,"href":"https:\/\/diariodominicano.com\/index.php?rest_route=\/wp\/v2\/posts\/430810\/revisions\/430812"}],"wp:featuredmedia":[{"embeddable":true,"href":"https:\/\/diariodominicano.com\/index.php?rest_route=\/wp\/v2\/media\/430811"}],"wp:attachment":[{"href":"https:\/\/diariodominicano.com\/index.php?rest_route=%2Fwp%2Fv2%2Fmedia&parent=430810"}],"wp:term":[{"taxonomy":"category","embeddable":true,"href":"https:\/\/diariodominicano.com\/index.php?rest_route=%2Fwp%2Fv2%2Fcategories&post=430810"},{"taxonomy":"post_tag","embeddable":true,"href":"https:\/\/diariodominicano.com\/index.php?rest_route=%2Fwp%2Fv2%2Ftags&post=430810"}],"curies":[{"name":"wp","href":"https:\/\/api.w.org\/{rel}","templated":true}]}}