{"id":430782,"date":"2023-04-11T11:46:02","date_gmt":"2023-04-11T15:46:02","guid":{"rendered":"http:\/\/diariodominicano.com\/?p=430782"},"modified":"2023-04-11T11:46:02","modified_gmt":"2023-04-11T15:46:02","slug":"la-segunda-camara-penal-de-san-cristobal-condena-a-tres-anos-de-prision-a-un-hombre-captado-en-video-portando-armas-ilegales","status":"publish","type":"post","link":"https:\/\/diariodominicano.com\/?p=430782","title":{"rendered":"La Segunda C\u00e1mara Penal de San Crist\u00f3bal condena a tres a\u00f1os de prisi\u00f3n a un hombre captado en video portando armas ilegales"},"content":{"rendered":"\n<p><strong>SAN CRIST\u00d3BAL, Rep\u00fablica Dominicana.-<\/strong>\u00a0La Segunda C\u00e1mara Penal de este distrito judicial conden\u00f3 a tres a\u00f1os de prisi\u00f3n a un hombre, que, junto a otros dos, grab\u00f3 un audiovisual amenazando a otras personas mientras portaban armas de fuego de manera ilegal.<\/p>\n\n\n\n<p>El tribunal, que preside la jueza Wilma Altagracia Cuello Garc\u00eda, dict\u00f3 la sentencia en contra de Maikel Sa\u00fal Mojica, quien cumplir\u00e1 la pena en el Centro de Correcci\u00f3n y Rehabilitaci\u00f3n Najayo Hombres.<\/p>\n\n\n\n<p>El fiscal Edward Ram\u00edrez, representante del Ministerio P\u00fablico, demostr\u00f3 ante el tribunal que las acciones de Mojica constituyen una violaci\u00f3n a los art\u00edculos 66, 67 y 79 de la Ley 631-16, para el Control y Regulaci\u00f3n de Armas, Municiones y Materiales Relacionados.<\/p>\n\n\n\n<p>El video publicado en la red social Facebook, muestra al hoy procesado mientras portaba una escopeta y una pistola, junto a dos hombres identificados como Sergio y Emilio, quienes tambi\u00e9n portaban armas, en la v\u00eda p\u00fablica.<\/p>\n\n\n\n<p>En el mismo tambi\u00e9n se puede apreciar a Mojica, y sus acompa\u00f1antes, pronunciar amenazas a otras personas, en el hecho ocurrido en octubre de 2019.<\/p>\n\n\n\n<p><strong>Direcci\u00f3n General de Comunicaci\u00f3n, Prensa, y RRPP<\/strong><\/p>\n\n\n\n<p>Ministerio P\u00fablico.&nbsp;R.D.<\/p>\n\n\n\n<p>Martes, 11 de abril de 2023<\/p>\n\n\n\n<p><\/p>\n","protected":false},"excerpt":{"rendered":"<p>SAN CRIST\u00d3BAL, Rep\u00fablica Dominicana.-\u00a0La Segunda C\u00e1mara Penal de este distrito judicial conden\u00f3 a tres a\u00f1os de prisi\u00f3n a un hombre, que, junto a otros dos, grab\u00f3 un audiovisual amenazando a otras personas mientras portaban armas de fuego de manera ilegal. El tribunal, que preside la jueza Wilma Altagracia Cuello Garc\u00eda, dict\u00f3 la sentencia en contra [&hellip;]<\/p>\n","protected":false},"author":28,"featured_media":351958,"comment_status":"closed","ping_status":"","sticky":true,"template":"","format":"standard","meta":{"footnotes":""},"categories":[24,29,27],"tags":[],"class_list":["post-430782","post","type-post","status-publish","format-standard","has-post-thumbnail","hentry","category-justicia-y-derecho","category-policiasucesos","category-portada"],"_links":{"self":[{"href":"https:\/\/diariodominicano.com\/index.php?rest_route=\/wp\/v2\/posts\/430782","targetHints":{"allow":["GET"]}}],"collection":[{"href":"https:\/\/diariodominicano.com\/index.php?rest_route=\/wp\/v2\/posts"}],"about":[{"href":"https:\/\/diariodominicano.com\/index.php?rest_route=\/wp\/v2\/types\/post"}],"author":[{"embeddable":true,"href":"https:\/\/diariodominicano.com\/index.php?rest_route=\/wp\/v2\/users\/28"}],"replies":[{"embeddable":true,"href":"https:\/\/diariodominicano.com\/index.php?rest_route=%2Fwp%2Fv2%2Fcomments&post=430782"}],"version-history":[{"count":1,"href":"https:\/\/diariodominicano.com\/index.php?rest_route=\/wp\/v2\/posts\/430782\/revisions"}],"predecessor-version":[{"id":430783,"href":"https:\/\/diariodominicano.com\/index.php?rest_route=\/wp\/v2\/posts\/430782\/revisions\/430783"}],"wp:featuredmedia":[{"embeddable":true,"href":"https:\/\/diariodominicano.com\/index.php?rest_route=\/wp\/v2\/media\/351958"}],"wp:attachment":[{"href":"https:\/\/diariodominicano.com\/index.php?rest_route=%2Fwp%2Fv2%2Fmedia&parent=430782"}],"wp:term":[{"taxonomy":"category","embeddable":true,"href":"https:\/\/diariodominicano.com\/index.php?rest_route=%2Fwp%2Fv2%2Fcategories&post=430782"},{"taxonomy":"post_tag","embeddable":true,"href":"https:\/\/diariodominicano.com\/index.php?rest_route=%2Fwp%2Fv2%2Ftags&post=430782"}],"curies":[{"name":"wp","href":"https:\/\/api.w.org\/{rel}","templated":true}]}}