{"id":430777,"date":"2023-04-11T09:34:45","date_gmt":"2023-04-11T13:34:45","guid":{"rendered":"http:\/\/diariodominicano.com\/?p=430777"},"modified":"2023-04-11T09:38:19","modified_gmt":"2023-04-11T13:38:19","slug":"policia-nacional-reporta-apresa-hombre-tras-ocuparle-arma-de-fuego-y-drogas-en-municipio-de-tamboril","status":"publish","type":"post","link":"https:\/\/diariodominicano.com\/?p=430777","title":{"rendered":"Polic\u00eda Nacional reporta apresa hombre tras ocuparle arma de fuego y drogas en municipio Tamboril"},"content":{"rendered":"\n<figure class=\"wp-block-image\"><img decoding=\"async\" src=\"https:\/\/mail.google.com\/mail\/u\/1?ui=2&amp;ik=e6c115171d&amp;attid=0.2&amp;permmsgid=msg-f:1762807945407523332&amp;th=1876c07c91406a04&amp;view=fimg&amp;fur=ip&amp;sz=s0-l75-ft&amp;attbid=ANGjdJ_DB7QQgaW1sQY6-aPtIlY9scuaXK3YaNEnwMk8Lt2pHYMnf4YDWhXj-xks08VgUNVtZUdGeug6j68WD914bLY4kmtWSIgkYoGRCiL7nPBYHkNRrjW0hMiHrvw&amp;disp=emb&amp;realattid=ii_lgb21w7n1\" alt=\"image.png\"\/><\/figure>\n\n\n\n<p><strong>Santiago de los Caballeros, R.D., 10 de abril 2023<\/strong>.- Agentes investigativos adscritos al departamento del municipio de Tamboril, apresaron a  un hombre en\u00a0\u00a0flagrante delito, luego de ocuparle una pistola y varias porciones de presunta marihuana, tras una persecuci\u00f3n policial mientras se desplazaba por la avenida Presidente V\u00e1zquez, en el carro marca Hyundai Sonata Y20 color blanco, placa a 911620<\/p>\n\n\n\n<p>El prevenido es Jos\u00e9 Alejandro Rodr\u00edguez Garc\u00eda alias Chichi, de 36 a\u00f1os de edad, residente\u00a0\u00a0en Tamboril.<\/p>\n\n\n\n<p>Al momento de ser apresado se les ocup\u00f3 la pistola marca Tauros-Milenion, calibre 32, con un cargador, conteniendo dos c\u00e1psulas, 10 porciones de presunta marihuana,&nbsp;&nbsp;34,950 pesos en efectivo, as\u00ed c\u00f3mo tambi\u00e9n 10 d\u00f3lares y un celular.<\/p>\n\n\n\n<p>El detenido y lo ocupado est\u00e1n en poder de la justicia para ser sometido por dicha acci\u00f3n il\u00edcita.<\/p>\n\n\n\n<p>OFICINA DE INFORMACI\u00d3N Y COMUNICACIONES ESTRAT\u00c9GICAS DIRECCI\u00d3N REGIONAL CIBAO CENTRAL DE LA POLIC\u00cdA NACIONAL.<\/p>\n","protected":false},"excerpt":{"rendered":"<p>Santiago de los Caballeros, R.D., 10 de abril 2023.- Agentes investigativos adscritos al departamento del municipio de Tamboril, apresaron a un hombre en\u00a0\u00a0flagrante delito, luego de ocuparle una pistola y varias porciones de presunta marihuana, tras una persecuci\u00f3n policial mientras se desplazaba por la avenida Presidente V\u00e1zquez, en el carro marca Hyundai Sonata Y20 color [&hellip;]<\/p>\n","protected":false},"author":28,"featured_media":430778,"comment_status":"closed","ping_status":"","sticky":false,"template":"","format":"standard","meta":{"footnotes":""},"categories":[29],"tags":[],"class_list":["post-430777","post","type-post","status-publish","format-standard","has-post-thumbnail","hentry","category-policiasucesos"],"_links":{"self":[{"href":"https:\/\/diariodominicano.com\/index.php?rest_route=\/wp\/v2\/posts\/430777","targetHints":{"allow":["GET"]}}],"collection":[{"href":"https:\/\/diariodominicano.com\/index.php?rest_route=\/wp\/v2\/posts"}],"about":[{"href":"https:\/\/diariodominicano.com\/index.php?rest_route=\/wp\/v2\/types\/post"}],"author":[{"embeddable":true,"href":"https:\/\/diariodominicano.com\/index.php?rest_route=\/wp\/v2\/users\/28"}],"replies":[{"embeddable":true,"href":"https:\/\/diariodominicano.com\/index.php?rest_route=%2Fwp%2Fv2%2Fcomments&post=430777"}],"version-history":[{"count":3,"href":"https:\/\/diariodominicano.com\/index.php?rest_route=\/wp\/v2\/posts\/430777\/revisions"}],"predecessor-version":[{"id":430781,"href":"https:\/\/diariodominicano.com\/index.php?rest_route=\/wp\/v2\/posts\/430777\/revisions\/430781"}],"wp:featuredmedia":[{"embeddable":true,"href":"https:\/\/diariodominicano.com\/index.php?rest_route=\/wp\/v2\/media\/430778"}],"wp:attachment":[{"href":"https:\/\/diariodominicano.com\/index.php?rest_route=%2Fwp%2Fv2%2Fmedia&parent=430777"}],"wp:term":[{"taxonomy":"category","embeddable":true,"href":"https:\/\/diariodominicano.com\/index.php?rest_route=%2Fwp%2Fv2%2Fcategories&post=430777"},{"taxonomy":"post_tag","embeddable":true,"href":"https:\/\/diariodominicano.com\/index.php?rest_route=%2Fwp%2Fv2%2Ftags&post=430777"}],"curies":[{"name":"wp","href":"https:\/\/api.w.org\/{rel}","templated":true}]}}