{"id":43071,"date":"2019-07-29T06:04:38","date_gmt":"2019-07-29T06:04:38","guid":{"rendered":"http:\/\/diariodominicano.ddns.net\/?p=43071"},"modified":"2019-07-29T06:04:38","modified_gmt":"2019-07-29T06:04:38","slug":"se-debe-aprender-a-salir-de-las-posiciones","status":"publish","type":"post","link":"https:\/\/diariodominicano.com\/?p=43071","title":{"rendered":"\u00a1SE DEBE APRENDER &#13;A SALIR DE LAS POSICIONES!"},"content":{"rendered":"<p><body><\/p>\n<\/p>\n<p><strong>FRANKLIN ALMEYDA RANCIER<\/strong><\/p>\n<\/p>\n<p>El pa\u00eds presenci\u00f3 el discurso del Presidente Medina anunciando con poco humor, acogerse a los t\u00e9rminos de la Constituci\u00f3n. Confes\u00f3 haberse inclinado a tratar de que la Constituci\u00f3n fuera arreglada (no son palabras textuales) para quedarse otro per\u00edodo m\u00e1s.  Se mostr\u00f3 molesto por no lograrlo, ante la fuerte presi\u00f3n de \u00abuna minor\u00eda\u00bb. <\/p>\n<\/p>\n<p>Pareci\u00f3 no entender que el concepto contenido en las palabras \u00abminor\u00eda\u00bb o \u00abmayor\u00eda\u00bb en la democracia, se expresan en un contexto m\u00e1s amplio del que lo redujo. En democracia el Estado es una forma de organizaci\u00f3n y expresi\u00f3n de la poblaci\u00f3n. El Estado (que es la minor\u00eda) se sujeta a la poblaci\u00f3n, que es la mayor\u00eda; no al rev\u00e9s.<\/p>\n<\/p>\n<p>Sus palabras tranquilizan al pa\u00eds; no como lo dijo, sino porque se acogi\u00f3 a los t\u00e9rminos constitucionales. La Constituci\u00f3n no se reforma para lo que un gobernante de turno desee.  Sus reformas deben ser el resultado de amplias consultas y, finalmente, con el consenso en la poblaci\u00f3n.<\/p>\n<\/p>\n<p>Esta es la gran lecci\u00f3n de este tortuoso, pero oportuno proceso pol\u00edtico. Queda a\u00fan el remanente de querer habilitar al Presidente Medina para el futuro, a pesar de que \u00e9l mismo propici\u00f3 su inhabilitaci\u00f3n; hacerlo para complacerlo, si es \u00e9l quien quiere, pues no lo ha dicho, es tambi\u00e9n  tocarla  en su provecho personal.<\/p>\n<\/p>\n<p>Los cargos p\u00fablicos apasionan a sus titulares, por razones diversas. Entre esas razones, parece que  la m\u00e1s predominante es el  beneficio de ascender y legitimarse  socialmente.<\/p>\n<\/p>\n<p>El pa\u00eds ha participado en un hermos\u00edsimo proceso donde la causa ha sido el respeto a las normas y l\u00edmites del poder consagrados en la Constituci\u00f3n. La crisis vali\u00f3 la pena y ha sido una oportunidad para avanzar.<\/p>\n<\/p>\n<p>En este momento se inicia una etapa diferente, m\u00e1s bien puramente de competencia electoral. Soy de los que se inscriben en el prop\u00f3sito de que en esta nueva etapa, se deben readecuar los mandos dirigenciales en los diferentes niveles, para redistribuir las responsabilidades en las diversas \u00e1reas y obligaciones a asumir.<\/p>\n<\/p>\n<p>El debate desde ahora tiene otro sentido. Se sustenta en propuestas, promoviendo los candidatos y protegi\u00e9ndolos de campa\u00f1as negativas y sucias. Se mueven amplios sectores. El activismo es el que atrae a muchos. Recoger los resultados en las urnas es el aspecto decisivo y los candidatos se descuidan y lo asumen para el d\u00eda de las elecciones. Sin embargo, el compromiso del elector empieza muchos meses antes. Las redes sociales suplantar\u00e1n todos los otros medios<\/p>\n<\/p>\n<p>En octubre 6 ser\u00e1n las primarias; a s\u00f3lo 70 dias. Es poco tiempo para personalizar el voto y comprometer al elector y llevarlo a votar.<\/p>\n<\/p>\n<p>El proceso se ve venir teniendo el PLD a Leonel como un candidato predominante, \u00fanico, esperado por el pueblo para desagraviarlo. Y en la otra parcela, el PRM, que va con padr\u00f3n cerrado, a Luis Abinader con un posible buen resultado.<\/p>\n<\/p>\n<p>Ni el PLD ni el PRM se dividir\u00e1n. En la cultura pol\u00edtica dominicana, la cual arrastra basura autoritaria, competir entre adversarios de una misma organizaci\u00f3n, es presumir divisi\u00f3n. La suponemos porque todos la tememos o la deseamos para el partido adversario.<\/p>\n<\/p>\n<p>Son muchas las cosas que debemos saber hacer, para tener democracia. Esta crisis ense\u00f1\u00f3 a saber salir de las posiciones p\u00fablicas y entender que se gana y se pierde debatiendo. <\/p>\n<\/p>\n<p><strong>El autor es miembro del CP del PLD, ex Ministro de Interior y ex Rector de la UASD.<\/strong><\/p>\n<\/p>\n<h6> 2019-07-29 06:04:38 <\/h6>\n<p><!--\n<link rel=\"stylesheet\" href=\"css\/bootstrap.min.css\">\n\n\n<ul class=\"pagination\">\n\t    \n\t\n\n<li >\n\t<a href='?page_no=601'>Previous<\/a>\n\t<\/li>\n\n\n       \n    \n\n<li><a href='?page_no=1'>1<\/a><\/li>\n\n\n\n<li><a href='?page_no=2'>2<\/a><\/li>\n\n\n\n<li><a>...<\/a><\/li>\n\n\n\n<li><a href='?page_no=600'>600<\/a><\/li>\n\n\n\n<li><a href='?page_no=601'>601<\/a><\/li>\n\n\n\n<li class='active'><a>602<\/a><\/li>\n\n\n\n<li><a href='?page_no=603'>603<\/a><\/li>\n\n\n\n<li><a href='?page_no=604'>604<\/a><\/li>\n\n\n\n<li><a>...<\/a><\/li>\n\n\n\n<li><a href='?page_no=13611'>13611<\/a><\/li>\n\n\n\n<li><a href='?page_no=13612'>13612<\/a><\/li>\n\n    \n\t\n\n<li >\n\t<a href='?page_no=603'>Next<\/a>\n\t<\/li>\n\n\n    \n\n<li><a href='?page_no=13612'>Last &rsaquo;&rsaquo;<\/a><\/li>\n\n<\/ul>\n\n\n--><br \/>\n<\/body><\/p>\n","protected":false},"excerpt":{"rendered":"<p>FRANKLIN ALMEYDA RANCIER El pa\u00eds presenci\u00f3 el discurso del Presidente Medina anunciando con poco humor, acogerse a los t\u00e9rminos de la Constituci\u00f3n. Confes\u00f3 haberse inclinado a tratar de que la Constituci\u00f3n fuera arreglada (no son palabras textuales) para quedarse otro per\u00edodo m\u00e1s. Se mostr\u00f3 molesto por no lograrlo, ante la fuerte presi\u00f3n de \u00abuna minor\u00eda\u00bb. [&hellip;]<\/p>\n","protected":false},"author":3,"featured_media":0,"comment_status":"open","ping_status":"open","sticky":false,"template":"","format":"standard","meta":{"footnotes":""},"categories":[16],"tags":[],"class_list":["post-43071","post","type-post","status-publish","format-standard","hentry","category-opiniones"],"_links":{"self":[{"href":"https:\/\/diariodominicano.com\/index.php?rest_route=\/wp\/v2\/posts\/43071","targetHints":{"allow":["GET"]}}],"collection":[{"href":"https:\/\/diariodominicano.com\/index.php?rest_route=\/wp\/v2\/posts"}],"about":[{"href":"https:\/\/diariodominicano.com\/index.php?rest_route=\/wp\/v2\/types\/post"}],"author":[{"embeddable":true,"href":"https:\/\/diariodominicano.com\/index.php?rest_route=\/wp\/v2\/users\/3"}],"replies":[{"embeddable":true,"href":"https:\/\/diariodominicano.com\/index.php?rest_route=%2Fwp%2Fv2%2Fcomments&post=43071"}],"version-history":[{"count":0,"href":"https:\/\/diariodominicano.com\/index.php?rest_route=\/wp\/v2\/posts\/43071\/revisions"}],"wp:attachment":[{"href":"https:\/\/diariodominicano.com\/index.php?rest_route=%2Fwp%2Fv2%2Fmedia&parent=43071"}],"wp:term":[{"taxonomy":"category","embeddable":true,"href":"https:\/\/diariodominicano.com\/index.php?rest_route=%2Fwp%2Fv2%2Fcategories&post=43071"},{"taxonomy":"post_tag","embeddable":true,"href":"https:\/\/diariodominicano.com\/index.php?rest_route=%2Fwp%2Fv2%2Ftags&post=43071"}],"curies":[{"name":"wp","href":"https:\/\/api.w.org\/{rel}","templated":true}]}}