{"id":430662,"date":"2023-04-10T19:41:12","date_gmt":"2023-04-10T23:41:12","guid":{"rendered":"http:\/\/diariodominicano.com\/?p=430662"},"modified":"2023-04-10T20:45:21","modified_gmt":"2023-04-11T00:45:21","slug":"viaje-de-la-subsecretaria-sherman-a-nueva-orleans-santo-domingo-y-buenos-aires","status":"publish","type":"post","link":"https:\/\/diariodominicano.com\/?p=430662","title":{"rendered":"Viaje de la subsecretaria Sherman a Nueva Orleans, Santo Domingo y Buenos Aires; incluye la situaci\u00f3n urgente en Hait\u00ed"},"content":{"rendered":"\n<p>Externa:  Wendy Sherman <\/p>\n\n\n\n<p>El Portavoz del Departamento de Estado inform\u00f3 el lunes  en Washington que en Rep\u00fablica Dominicana, la  Vicesecretaria Sherman se reunir\u00e1 con el Presidente Luis Abinader, el Canciller Roberto \u00c1lvarez y otros altos funcionarios. Sus discusiones reforzar\u00e1n nuestros lazos bilaterales fuertes y duraderos en una amplia gama de temas, incluida la situaci\u00f3n urgente en Hait\u00ed. <\/p>\n\n\n\n<p>La subsecretaria de Estado Wendy Sherman viajar\u00e1 del 10 al 14 de abril a Nueva Orleans, Luisiana; Santo Domingo, Rep\u00fablica Dominicana; y Buenos Aires, Argentina. <\/p>\n\n\n\n<p>Su visita a la ciudad de Nueva Orleans promover\u00e1 el compromiso de la administraci\u00f3n Biden-Harris de construir un Departamento de Estado m\u00e1s diverso, equitativo, inclusivo y accesible. <\/p>\n\n\n\n<p>Sus visitas a la Rep\u00fablica Dominicana y Argentina resaltan&nbsp; s\u00f3lidas relaciones bilaterales con socios clave al mismo tiempo que promover\u00e1n nuestros intereses compartidos en el avance de la democracia, la prosperidad y la seguridad en nuestro hemisferio, inform\u00f3 en un comunicado de prensa la Embajada de los Estados Unidos de Am\u00e9rica.<\/p>\n\n\n\n<p>En Nueva Orleans, la subsecretaria Sherman se reunir\u00e1 con funcionarios locales, estudiantes y l\u00edderes comunitarios para conocer&nbsp; sus perspectivas sobre c\u00f3mo elaborar una pol\u00edtica exterior estadounidense m\u00e1s innovadora e inclusiva.<\/p>\n\n\n\n<p> En la Universidad de Dillard, motivar\u00e1 a los estudiantes a seguir carreras en relaciones&nbsp; exteriores y, al mismo tiempo, destacar\u00e1 las alianzas cada vez m\u00e1s profundas del Departamento de Estado con las universidades afroestadounidenses (HBCU) y otras instituciones al servicio de las minor\u00edas. <\/p>\n\n\n\n<p>Participar\u00e1 en una recepci\u00f3n que mostrar\u00e1 a diversos chefs de Nueva Orleans y&nbsp; hablar\u00e1 sobre el papel de la diplomacia culinaria en la construcci\u00f3n de puentes tras el relanzamiento de la iniciativa Diplomatic Culinary Partnership.<\/p>\n\n\n\n<p>En la Rep\u00fablica Dominicana, la subsecretaria Sherman se reunir\u00e1 con el Presidente Luis Abinader, el ministro de Relaciones Exteriores Roberto \u00c1lvarez y otros altos funcionarios. <\/p>\n\n\n\n<p>Sus reuniones&nbsp; reforzar\u00e1n nuestros lazos bilaterales fuertes y duraderos en una amplia gama de temas, incluida la situaci\u00f3n urgente en Hait\u00ed, se\u00f1ala el comunicado de prensa de la Embajada estadounidense.&nbsp;<\/p>\n\n\n\n<p> La subsecretaria&nbsp; tambi\u00e9n se reunir\u00e1 con miembros de la&nbsp; sociedad civil dominicana, incluidos egresados de los programas de becas y liderazgo del Gobierno de los Estados Unidos.<\/p>\n\n\n\n<p> <strong>Su visita sigue a la del Asesor Presidencial Especial para las Am\u00e9ricas Chris Dodd, quien particip\u00f3 en la XXVIII Cumbre Iberoamericana del 25 de marzo como invitado del presidente Abinader.<\/strong><\/p>\n\n\n\n<p>En Buenos Aires, la subsecretaria se unir\u00e1 a Argentina en la celebraci\u00f3n del 40 aniversario de su retorno a la democracia y los 200 a\u00f1os de relaciones diplom\u00e1ticas con los Estados Unidos.<\/p>\n\n\n\n<p> Se reunir\u00e1 con el ministro de Relaciones Exteriores Cafiero, el ministro de Econom\u00eda Massa, el secretario de Energ\u00eda Roy\u00f3n y el secretario de Miner\u00eda \u00c1vila para discutir nuestra visi\u00f3n compartida de prosperidad econ\u00f3mica en las Am\u00e9ricas y nuestra s\u00f3lida asociaci\u00f3n bilateral. <\/p>\n\n\n\n<p>Durante su visita, se reunir\u00e1 con miembros del Centro Comunitario Jud\u00edo de la Asociaci\u00f3n Mutual Israelita Argentina, visitar\u00e1 sitios conmemorativos hist\u00f3ricos,&nbsp;se reunir\u00e1 con dirigentes sindicales y participar\u00e1 en reuniones con el sector privado. <\/p>\n\n\n\n<p>Tambi\u00e9n dar\u00e1 un discurso sobre la democracia en el Hemisferio Occidental en la Universidad de Buenos Aires.<\/p>\n\n\n\n<p> La visita de Sherman sigue a la reuni\u00f3n del 29 de marzo del presidente Biden con el presidente Alberto Fern\u00e1ndez en Washington, D.C,  precisa el comunicado de prensa.<\/p>\n\n\n\n<p>Santo Domingo Press<a target=\"_blank\" href=\"mailto:SantoDomingoPress@state.gov\" rel=\"noreferrer noopener\">SantoDomingoPress@state.gov<\/a><\/p>\n","protected":false},"excerpt":{"rendered":"<p>Externa: Wendy Sherman El Portavoz del Departamento de Estado inform\u00f3 el lunes en Washington que en Rep\u00fablica Dominicana, la Vicesecretaria Sherman se reunir\u00e1 con el Presidente Luis Abinader, el Canciller Roberto \u00c1lvarez y otros altos funcionarios. Sus discusiones reforzar\u00e1n nuestros lazos bilaterales fuertes y duraderos en una amplia gama de temas, incluida la situaci\u00f3n urgente [&hellip;]<\/p>\n","protected":false},"author":28,"featured_media":430663,"comment_status":"closed","ping_status":"","sticky":true,"template":"","format":"standard","meta":{"footnotes":""},"categories":[36,20,112,27],"tags":[],"class_list":["post-430662","post","type-post","status-publish","format-standard","has-post-thumbnail","hentry","category-hombresmujeresycosas","category-dominicana-hoy","category-haiti","category-portada"],"_links":{"self":[{"href":"https:\/\/diariodominicano.com\/index.php?rest_route=\/wp\/v2\/posts\/430662","targetHints":{"allow":["GET"]}}],"collection":[{"href":"https:\/\/diariodominicano.com\/index.php?rest_route=\/wp\/v2\/posts"}],"about":[{"href":"https:\/\/diariodominicano.com\/index.php?rest_route=\/wp\/v2\/types\/post"}],"author":[{"embeddable":true,"href":"https:\/\/diariodominicano.com\/index.php?rest_route=\/wp\/v2\/users\/28"}],"replies":[{"embeddable":true,"href":"https:\/\/diariodominicano.com\/index.php?rest_route=%2Fwp%2Fv2%2Fcomments&post=430662"}],"version-history":[{"count":5,"href":"https:\/\/diariodominicano.com\/index.php?rest_route=\/wp\/v2\/posts\/430662\/revisions"}],"predecessor-version":[{"id":430684,"href":"https:\/\/diariodominicano.com\/index.php?rest_route=\/wp\/v2\/posts\/430662\/revisions\/430684"}],"wp:featuredmedia":[{"embeddable":true,"href":"https:\/\/diariodominicano.com\/index.php?rest_route=\/wp\/v2\/media\/430663"}],"wp:attachment":[{"href":"https:\/\/diariodominicano.com\/index.php?rest_route=%2Fwp%2Fv2%2Fmedia&parent=430662"}],"wp:term":[{"taxonomy":"category","embeddable":true,"href":"https:\/\/diariodominicano.com\/index.php?rest_route=%2Fwp%2Fv2%2Fcategories&post=430662"},{"taxonomy":"post_tag","embeddable":true,"href":"https:\/\/diariodominicano.com\/index.php?rest_route=%2Fwp%2Fv2%2Ftags&post=430662"}],"curies":[{"name":"wp","href":"https:\/\/api.w.org\/{rel}","templated":true}]}}