{"id":430643,"date":"2023-04-10T16:24:11","date_gmt":"2023-04-10T20:24:11","guid":{"rendered":"http:\/\/diariodominicano.com\/?p=430643"},"modified":"2023-04-10T16:26:08","modified_gmt":"2023-04-10T20:26:08","slug":"ministerio-de-la-mujer-solicita-al-ministerio-publico-investigacion-exhaustiva-sobre-circunstancias-en-las-que-fue-asesinada-chantal-jimenez","status":"publish","type":"post","link":"https:\/\/diariodominicano.com\/?p=430643","title":{"rendered":"Ministerio de la Mujer solicita al Ministerio P\u00fablico investigaci\u00f3n exhaustiva sobre  circunstancias en las que fue asesinada Chantal Jim\u00e9nez"},"content":{"rendered":"\n<p>diariodominicano.com<\/p>\n\n\n\n<p><strong>Santo Domingo, R. D.,  10 de abril, 2023.\u2013<\/strong>\u00a0La ministra de la Mujer, Mayra Jim\u00e9nez, exigi\u00f3 al Ministerio P\u00fablico (MP) abrir una investigaci\u00f3n exhaustiva acerca el crimen cometido por Jensy Graciano Cepeda contra la comunicadora Chantal Jim\u00e9nez y dar una explicaci\u00f3n p\u00fablica de lo ocurrido.<\/p>\n\n\n\n<p>\u201cLo ocurrido debe tener una explicaci\u00f3n p\u00fablica porque es necesario que las mujeres se sientan seguras y confiadas en las instituciones al denunciar los hechos de violencia en su contra\u201d.<\/p>\n\n\n\n<p>Al Ministerio P\u00fablico<\/p>\n\n\n\n<p>Asimismo, la ministra insisti\u00f3 en que se debe empezar una investigaci\u00f3n con la intenci\u00f3n de determinar si hubo negligencia en la actuaci\u00f3n del MP que permiti\u00f3 la lamentable tragedia en la que Jim\u00e9nez perdi\u00f3 la vida luego de recibir un disparo en el cabeza proporcionado por su expareja quien se suicid\u00f3 luego de cometer el crimen.<\/p>\n\n\n\n<p>\u201cEs indispensable que la autoridad competente, en este caso, el Ministerio P\u00fablico, aclare la veracidad de las informaciones en el sentido de que hubo denuncia previa contra el feminicida, por intento de asesinato, por qu\u00e9 no se tomaron las medidas pertinentes de protecci\u00f3n a la v\u00edctima establecidas en las normas y protocolos\u201d, manifest\u00f3 la ministra de la Mujer.<\/p>\n\n\n\n<p>La funcionaria sostuvo que erradicar la violencia machista es una labor del sistema de protecci\u00f3n desde todas sus instituciones, y un compromiso de la sociedad en su conjunto.<\/p>\n\n\n\n<p>Ley contra la Violencia hacia la Mujer<\/p>\n\n\n\n<p>Agreg\u00f3 que este feminicidio interpela sobre la necesidad de avanzar en la adopci\u00f3n de la Ley Org\u00e1nica Integral contra la Violencia hacia la Mujer que cursa en el Congreso y reitera al Ministerio P\u00fablico su solicitud de investigaci\u00f3n, sanci\u00f3n y cumplimiento de los protocolos de actuaci\u00f3n ante los casos de violencia de g\u00e9nero e intrafamiliar, \u201cporque la vida de las mujeres, que denuncian, depende de ello\u201d.<\/p>\n\n\n\n<p>Fuente:  <strong>Prensa Ministerio de la Mujer<\/strong><a rel=\"noreferrer noopener\" href=\"https:\/\/www.facebook.com\/sharer\/sharer.php?u=https%3A%2F%2Fhechosnews.com%2Fministra-de-la-mujer-mayra-jimenez-exige-al-mp-abrir-una-investigacion-exhaustiva-acerca-del-asesinato-de-chantal-jimenez%2F\" target=\"_blank\"><\/a><a rel=\"noreferrer noopener\" href=\"http:\/\/twitter.com\/intent\/tweet?text=Ministra%20de%20la%20Mujer%20Mayra%20Jim%C3%A9nez%20exige%20al%20MP%20abrir%20una%20investigaci%C3%B3n%20exhaustiva%20acerca%20del%20asesinato%20de%20Chantal%20Jim%C3%A9nez%20%C2%A0&amp;url=https%3A%2F%2Fhechosnews.com%2Fministra-de-la-mujer-mayra-jimenez-exige-al-mp-abrir-una-investigacion-exhaustiva-acerca-del-asesinato-de-chantal-jimenez%2F\" target=\"_blank\"><\/a><a rel=\"noreferrer noopener\" href=\"https:\/\/api.whatsapp.com\/send?text=Ministra%20de%20la%20Mujer%20Mayra%20Jim%C3%A9nez%20exige%20al%20MP%20abrir%20una%20investigaci%C3%B3n%20exhaustiva%20acerca%20del%20asesinato%20de%20Chantal%20Jim%C3%A9nez%20%C2%A0%20https%3A%2F%2Fhechosnews.com%2Fministra-de-la-mujer-mayra-jimenez-exige-al-mp-abrir-una-investigacion-exhaustiva-acerca-del-asesinato-de-chantal-jimenez%2F\" target=\"_blank\"><\/a><\/p>\n","protected":false},"excerpt":{"rendered":"<p>diariodominicano.com Santo Domingo, R. D., 10 de abril, 2023.\u2013\u00a0La ministra de la Mujer, Mayra Jim\u00e9nez, exigi\u00f3 al Ministerio P\u00fablico (MP) abrir una investigaci\u00f3n exhaustiva acerca el crimen cometido por Jensy Graciano Cepeda contra la comunicadora Chantal Jim\u00e9nez y dar una explicaci\u00f3n p\u00fablica de lo ocurrido. \u201cLo ocurrido debe tener una explicaci\u00f3n p\u00fablica porque es necesario [&hellip;]<\/p>\n","protected":false},"author":5,"featured_media":430644,"comment_status":"closed","ping_status":"","sticky":true,"template":"","format":"standard","meta":{"footnotes":""},"categories":[24,29,27],"tags":[],"class_list":["post-430643","post","type-post","status-publish","format-standard","has-post-thumbnail","hentry","category-justicia-y-derecho","category-policiasucesos","category-portada"],"_links":{"self":[{"href":"https:\/\/diariodominicano.com\/index.php?rest_route=\/wp\/v2\/posts\/430643","targetHints":{"allow":["GET"]}}],"collection":[{"href":"https:\/\/diariodominicano.com\/index.php?rest_route=\/wp\/v2\/posts"}],"about":[{"href":"https:\/\/diariodominicano.com\/index.php?rest_route=\/wp\/v2\/types\/post"}],"author":[{"embeddable":true,"href":"https:\/\/diariodominicano.com\/index.php?rest_route=\/wp\/v2\/users\/5"}],"replies":[{"embeddable":true,"href":"https:\/\/diariodominicano.com\/index.php?rest_route=%2Fwp%2Fv2%2Fcomments&post=430643"}],"version-history":[{"count":2,"href":"https:\/\/diariodominicano.com\/index.php?rest_route=\/wp\/v2\/posts\/430643\/revisions"}],"predecessor-version":[{"id":430647,"href":"https:\/\/diariodominicano.com\/index.php?rest_route=\/wp\/v2\/posts\/430643\/revisions\/430647"}],"wp:featuredmedia":[{"embeddable":true,"href":"https:\/\/diariodominicano.com\/index.php?rest_route=\/wp\/v2\/media\/430644"}],"wp:attachment":[{"href":"https:\/\/diariodominicano.com\/index.php?rest_route=%2Fwp%2Fv2%2Fmedia&parent=430643"}],"wp:term":[{"taxonomy":"category","embeddable":true,"href":"https:\/\/diariodominicano.com\/index.php?rest_route=%2Fwp%2Fv2%2Fcategories&post=430643"},{"taxonomy":"post_tag","embeddable":true,"href":"https:\/\/diariodominicano.com\/index.php?rest_route=%2Fwp%2Fv2%2Ftags&post=430643"}],"curies":[{"name":"wp","href":"https:\/\/api.w.org\/{rel}","templated":true}]}}