{"id":430621,"date":"2023-04-10T15:06:07","date_gmt":"2023-04-10T19:06:07","guid":{"rendered":"http:\/\/diariodominicano.com\/?p=430621"},"modified":"2023-04-10T15:06:07","modified_gmt":"2023-04-10T19:06:07","slug":"procuraduria-investiga-si-en-proceso-de-chantal-jimenez-se-violaron-instrucciones-generales-para-prevencion-y-persecucion-de-la-violencia-de-genero","status":"publish","type":"post","link":"https:\/\/diariodominicano.com\/?p=430621","title":{"rendered":"Procuradur\u00eda investiga si en proceso de Chantal Jim\u00e9nez se violaron instrucciones generales para prevenci\u00f3n y persecuci\u00f3n de la violencia de g\u00e9nero"},"content":{"rendered":"\n<p>diariodominicano.com<\/p>\n\n\n\n<p><em><u>Dijo que espera a concluir las investigaciones relativas a este caso, con la finalidad de tomar las acciones que correspondan,&nbsp;a fin de evitar la ocurrencia de hechos similares<\/u><\/em><\/p>\n\n\n\n<p><strong>Santo Domingo, R. D.,  10 de abril, 2023.-\u00a0<\/strong>La Procuradur\u00eda General de la Rep\u00fablica (PGR), a trav\u00e9s de la Inspector\u00eda General del Ministerio P\u00fablico y la Direcci\u00f3n Nacional Contra la Violencia de G\u00e9nero, se encuentra investigando las particularidades del proceso que vinculaba a la hoy occisa Chantal Jim\u00e9nez, quien result\u00f3 muerta el pasado s\u00e1bado de manos de su feminicida Yensy Graciano Cepeda (expareja), quien se habr\u00eda suicidado tras cometer tan nefasta acci\u00f3n.<\/p>\n\n\n\n<p>A Graciano Cepeda le habr\u00eda sido notificada una Orden de Protecci\u00f3n en fecha 5 de abril del corriente.<\/p>\n\n\n\n<p>La Procuradur\u00eda General de la Rep\u00fablica dijo que espera a concluir las investigaciones relativas a este caso, con la finalidad de tomar las acciones que correspondan,&nbsp;a fin de evitar la ocurrencia de hechos similares.<\/p>\n\n\n\n<p>Mediante un comunicado de prensa explic\u00f3 que&nbsp;investiga si se violaron las instrucciones generales para la prevenci\u00f3n y persecuci\u00f3n de los casos de violencia de g\u00e9nero, intrafamiliar y delitos sexuales, espec\u00edficamente el numeral 5, relativo al desistimiento de la v\u00edctima.<\/p>\n\n\n\n<p>Record\u00f3 que el numeral 5 de dichas instrucciones establece sobre el desistimiento de la v\u00edctima: \u201ccuando una v\u00edctima desiste de su denuncia o proceso, esta acci\u00f3n para nada compromete el accionar del Ministerio P\u00fablico, que debe procurar siempre, a parte del testimonio de la v\u00edctima, otros elementos probatorios por si se produce tal circunstancia. Recordamos que estos delitos son de orden p\u00fablico y, no obstante, deben continuarse hasta el final. La v\u00edctima desiste por estar envuelta en el S\u00edndrome de la Mujer Maltratada, por no reconocerse como v\u00edctima, por la presi\u00f3n social a la que es sometida y por la verg\u00fcenza que siente sobre lo que pasa\u201d.<\/p>\n\n\n\n<p>Indican que: \u201cen consecuencia queda totalmente prohibido levantar actas de compromisos, en materia de violencia de feminicida. A tales fines, la postura del Ministerio P\u00fablico deber\u00e1 permanecer invariable, a pesar de que la v\u00edctima como consecuencia del S\u00edndrome de la Mujer Maltratada o la indefensi\u00f3n aprendida, quiera establecer un acuerdo. Es importante tener en cuenta que, para acordar, el consentimiento de las partes no puede estar viciado y una mujer que tiene su vida en riesgo frente a su verdugo agresor carece de libertad para convenir al margen de las secuelas que deja la violencia feminicida.<\/p>\n\n\n\n<p>La PGR destac\u00f3 que investiga tambi\u00e9n si se tom\u00f3 en cuenta el contenido de las instrucciones en los siguientes aspectos.<\/p>\n\n\n\n<p>El numeral 4 de las instrucciones sobre el tipo y forma de las heridas o golpes, el cual indica que: \u201cuna manera efectiva para determinar si la v\u00edctima est\u00e1 en riesgo de muerte, es prestando mucha atenci\u00f3n en el tipo de golpes y heridas proferidos. Se\u00f1alamos un significado de alta importancia las agresiones en el cuello, la caja tor\u00e1cica o en las manos cuando han sido consecuencia de evitar una agresi\u00f3n en las partes del cuerpo antes mencionadas, el fiscal no solo debe ver la incapacidad&nbsp;m\u00e9dico legal, ya que estos casos son de alt\u00edsimos riesgos feminicida\u201d.<\/p>\n\n\n\n<p>Respecto a las armas de fuego, las instrucciones se\u00f1alan: \u201cdeber\u00e1 ser retenida toda arma de fuego, sin importar que sea de porte y tenencia legal, cuando estas est\u00e9n en posesi\u00f3n de un acusado de violencia de g\u00e9nero, intrafamiliar y sexual, especialmente cuando este ha sido parte de la violencia o amenaza infringida\u201d.<\/p>\n\n\n\n<p>Las instrucciones fueron remitidas a todo el Ministerio P\u00fablico del pa\u00eds en el mes de noviembre del a\u00f1o 2020, por la procuradora general Miriam Germ\u00e1n Brito.<\/p>\n\n\n\n<p>Fuente:  Direcci\u00f3n General de Comunicaci\u00f3n, Prensa, y RRPP<\/p>\n\n\n\n<p>Ministerio P\u00fablico.&nbsp;R.D.<\/p>\n\n\n\n<p>Lunes, 10 de abril de 2023.<\/p>\n","protected":false},"excerpt":{"rendered":"<p>diariodominicano.com Dijo que espera a concluir las investigaciones relativas a este caso, con la finalidad de tomar las acciones que correspondan,&nbsp;a fin de evitar la ocurrencia de hechos similares Santo Domingo, R. D., 10 de abril, 2023.-\u00a0La Procuradur\u00eda General de la Rep\u00fablica (PGR), a trav\u00e9s de la Inspector\u00eda General del Ministerio P\u00fablico y la Direcci\u00f3n [&hellip;]<\/p>\n","protected":false},"author":5,"featured_media":430622,"comment_status":"closed","ping_status":"","sticky":true,"template":"","format":"standard","meta":{"footnotes":""},"categories":[24,29,27],"tags":[],"class_list":["post-430621","post","type-post","status-publish","format-standard","has-post-thumbnail","hentry","category-justicia-y-derecho","category-policiasucesos","category-portada"],"_links":{"self":[{"href":"https:\/\/diariodominicano.com\/index.php?rest_route=\/wp\/v2\/posts\/430621","targetHints":{"allow":["GET"]}}],"collection":[{"href":"https:\/\/diariodominicano.com\/index.php?rest_route=\/wp\/v2\/posts"}],"about":[{"href":"https:\/\/diariodominicano.com\/index.php?rest_route=\/wp\/v2\/types\/post"}],"author":[{"embeddable":true,"href":"https:\/\/diariodominicano.com\/index.php?rest_route=\/wp\/v2\/users\/5"}],"replies":[{"embeddable":true,"href":"https:\/\/diariodominicano.com\/index.php?rest_route=%2Fwp%2Fv2%2Fcomments&post=430621"}],"version-history":[{"count":1,"href":"https:\/\/diariodominicano.com\/index.php?rest_route=\/wp\/v2\/posts\/430621\/revisions"}],"predecessor-version":[{"id":430623,"href":"https:\/\/diariodominicano.com\/index.php?rest_route=\/wp\/v2\/posts\/430621\/revisions\/430623"}],"wp:featuredmedia":[{"embeddable":true,"href":"https:\/\/diariodominicano.com\/index.php?rest_route=\/wp\/v2\/media\/430622"}],"wp:attachment":[{"href":"https:\/\/diariodominicano.com\/index.php?rest_route=%2Fwp%2Fv2%2Fmedia&parent=430621"}],"wp:term":[{"taxonomy":"category","embeddable":true,"href":"https:\/\/diariodominicano.com\/index.php?rest_route=%2Fwp%2Fv2%2Fcategories&post=430621"},{"taxonomy":"post_tag","embeddable":true,"href":"https:\/\/diariodominicano.com\/index.php?rest_route=%2Fwp%2Fv2%2Ftags&post=430621"}],"curies":[{"name":"wp","href":"https:\/\/api.w.org\/{rel}","templated":true}]}}