{"id":430552,"date":"2023-04-09T22:24:52","date_gmt":"2023-04-10T02:24:52","guid":{"rendered":"http:\/\/diariodominicano.com\/?p=430552"},"modified":"2023-04-09T22:25:21","modified_gmt":"2023-04-10T02:25:21","slug":"gobierno-de-haiti-califica-de-barbarie-asesinato-de-tres-policias","status":"publish","type":"post","link":"https:\/\/diariodominicano.com\/?p=430552","title":{"rendered":"Gobierno de Hait\u00ed califica de barbarie asesinato de tres polic\u00edas"},"content":{"rendered":"\n<p>Archivo:<\/p>\n\n\n\n<p>Puerto Pr\u00edncipe, 9 abr (Prensa Latina) El primer ministro de Hait\u00ed, Ariel Henry, conden\u00f3 hoy el asesinato de otros tres polic\u00edas en esta capital a manos de \u201cmatones sin ley\u201d y calific\u00f3 los actos de barbarie.&nbsp;&nbsp;&nbsp;&nbsp;<\/p>\n\n\n\n<ul class=\"wp-block-list\"><li>abril 9, 2023<\/li><li>CDT22:10 (GMT) -0400<\/li><\/ul>\n\n\n\n<p>El jefe de Gobierno envi\u00f3 condolencias a los familiares y amigos de las v\u00edctimas y reiter\u00f3 su determinaci\u00f3n de hacer todo lo posible para crear un clima de seguridad y estabilidad en el pa\u00eds \u201ctan da\u00f1ado y enlutado\u201d.<\/p>\n\n\n\n<p>\u201cNo somos insensibles a esta situaci\u00f3n y nos esforzamos por aportar una soluci\u00f3n duradera\u201d, asegur\u00f3 Henry en un mensaje en Twitter.<\/p>\n\n\n\n<p>Este domingo hombres armados ejecutaron a los agentes Robenson Nicolas, Fortilien Med\u00e8ze y Junior Dorc\u00e9 Pierre Paul en Thomassin, situado al sudeste de esta capital, confirm\u00f3 el Sindicato Nacional de Oficiales de Polic\u00eda.<\/p>\n\n\n\n<p>De acuerdo con su coordinador, Lionel Lazarre, los oficiales cayeron en una emboscada de la pandilla Ti Makak que opera en la zona y no pudieron escapar.<\/p>\n\n\n\n<p>Una imagen que circul\u00f3 ampliamente en las redes sociales mostr\u00f3 los cuerpos sin vida de los polic\u00edas junto a una motocicleta.<\/p>\n\n\n\n<p>No obstante, Lazarre indic\u00f3 que tres presuntos miembros de la banda fueron arrestados por las fuerzas de seguridad.<\/p>\n\n\n\n<p>El sindicalista denunci\u00f3 que en lo que va de a\u00f1o al menos 21 agentes fueron asesinados, la mayor\u00eda por grupos armados, y reiter\u00f3 la necesidad de que la Polic\u00eda tenga mayores recursos.<\/p>\n\n\n\n<p>npg\/ane<\/p>\n","protected":false},"excerpt":{"rendered":"<p>Archivo: Puerto Pr\u00edncipe, 9 abr (Prensa Latina) El primer ministro de Hait\u00ed, Ariel Henry, conden\u00f3 hoy el asesinato de otros tres polic\u00edas en esta capital a manos de \u201cmatones sin ley\u201d y calific\u00f3 los actos de barbarie.&nbsp;&nbsp;&nbsp;&nbsp; abril 9, 2023 CDT22:10 (GMT) -0400 El jefe de Gobierno envi\u00f3 condolencias a los familiares y amigos de [&hellip;]<\/p>\n","protected":false},"author":28,"featured_media":381925,"comment_status":"closed","ping_status":"","sticky":true,"template":"","format":"standard","meta":{"footnotes":""},"categories":[112,23,27],"tags":[],"class_list":["post-430552","post","type-post","status-publish","format-standard","has-post-thumbnail","hentry","category-haiti","category-internacional","category-portada"],"_links":{"self":[{"href":"https:\/\/diariodominicano.com\/index.php?rest_route=\/wp\/v2\/posts\/430552","targetHints":{"allow":["GET"]}}],"collection":[{"href":"https:\/\/diariodominicano.com\/index.php?rest_route=\/wp\/v2\/posts"}],"about":[{"href":"https:\/\/diariodominicano.com\/index.php?rest_route=\/wp\/v2\/types\/post"}],"author":[{"embeddable":true,"href":"https:\/\/diariodominicano.com\/index.php?rest_route=\/wp\/v2\/users\/28"}],"replies":[{"embeddable":true,"href":"https:\/\/diariodominicano.com\/index.php?rest_route=%2Fwp%2Fv2%2Fcomments&post=430552"}],"version-history":[{"count":3,"href":"https:\/\/diariodominicano.com\/index.php?rest_route=\/wp\/v2\/posts\/430552\/revisions"}],"predecessor-version":[{"id":430555,"href":"https:\/\/diariodominicano.com\/index.php?rest_route=\/wp\/v2\/posts\/430552\/revisions\/430555"}],"wp:featuredmedia":[{"embeddable":true,"href":"https:\/\/diariodominicano.com\/index.php?rest_route=\/wp\/v2\/media\/381925"}],"wp:attachment":[{"href":"https:\/\/diariodominicano.com\/index.php?rest_route=%2Fwp%2Fv2%2Fmedia&parent=430552"}],"wp:term":[{"taxonomy":"category","embeddable":true,"href":"https:\/\/diariodominicano.com\/index.php?rest_route=%2Fwp%2Fv2%2Fcategories&post=430552"},{"taxonomy":"post_tag","embeddable":true,"href":"https:\/\/diariodominicano.com\/index.php?rest_route=%2Fwp%2Fv2%2Ftags&post=430552"}],"curies":[{"name":"wp","href":"https:\/\/api.w.org\/{rel}","templated":true}]}}