{"id":43049,"date":"2019-07-30T00:52:41","date_gmt":"2019-07-30T00:52:41","guid":{"rendered":"http:\/\/diariodominicano.ddns.net\/?p=43049"},"modified":"2019-07-30T00:52:41","modified_gmt":"2019-07-30T00:52:41","slug":"a-pleno-solel-aumento-de-la-leche","status":"publish","type":"post","link":"https:\/\/diariodominicano.com\/?p=43049","title":{"rendered":"A Pleno sol&#13;&#13;El aumento de la leche"},"content":{"rendered":"<p><body><\/p>\n<p><strong>Por Manuel Hern\u00e1ndez Villeta<\/strong><\/p>\n<\/p>\n<\/p>\n<p>El aumento en la leche entra\u00f1a un serio problema de desborde en la econom\u00eda popular. Los precios fijados est\u00e1n por debajo de lo que reclamaban los ganaderos, pero todav\u00eda as\u00ed, desatar\u00e1 una tormenta en la canasta familiar.<\/p>\n<\/p>\n<p>Ser\u00eda incontable proceder ahora a destacar los sub-productos elaborados con la leche, y que obligatoriamente van a subir de precio. Solo se habla de que los ganaderos est\u00e1n perdiendo y que no pueden seguir trabajando de esa forma. Pero est\u00e1 claro que quien va a sustentar los precios finales son los consumidores.<\/p>\n<\/p>\n<p>El gobierno ten\u00eda por todos los medios posibles que tratar de evitar que se fijara un aumento en los precios de la leche comprada en finca. Esperan en las pr\u00f3ximas semanas aumentos en la leche, el queso, el yogurt, los dulces, y todos los art\u00edculos elaborados con ese l\u00edquido.<\/p>\n<\/p>\n<p>El ministro de Agricultura se\u00f1al\u00f3 que no era competencia del gobierno  obligar a los empresarios privados a fijar precios de sustentaci\u00f3n. Cierto, en una sociedad de libre comercio los precios de los comestibles suben y suben de acuerdo con la oferta, la demanda, y la especulaci\u00f3n.<\/p>\n<\/p>\n<p>El consumidor no tiene quien lo proteja, y con el aumento en los precios de sustentaci\u00f3n de la leche as\u00ed se demuestra. El ligero aumento salarial  ya comenz\u00f3 a sufrir bajas sensibles. Otros productos tambi\u00e9n van a ser reajustados el mes pr\u00f3ximo, y nadie lo podr\u00e1 evitar. Muchos organismos oficiales que dicen velar por la protecci\u00f3n del consumidor, solo sirven para lograr titulares en los peri\u00f3dicos.<\/p>\n<\/p>\n<p>Para proteger la econom\u00eda popular todav\u00eda es posible que lleguen a un acuerdo los empresarios agropecuarios, los procesadores y distribuidores y el gobierno. Aumentar precios de sustentaci\u00f3n de ese preciado l\u00edquido es un golpe demoledor al bolsillo de los pobres, los clase media y hasta los medianamente adinerados.<\/p>\n<\/p>\n<p>Tenemos conocimiento de todos los problemas que enfrentan los ganaderos, y los riesgos que tiene explotar ese rengl\u00f3n. Por eso se ten\u00edan que considerar costos, incentivos, necesidades y no pensar en los aumentos puros y simples. Talvez por un instante era necesario que se preguntaran sobre que cualquier reajuste es para ser cargado al bolsillo de los consumidores.<\/p>\n<\/p>\n<p>Los inversionistas est\u00e1n para ganar dinero, pero tambi\u00e9n tienen que tener un rostro humano. Tienen que  buscar f\u00f3rmulas que les permita poder seguir operando y actualizando su sistema de producci\u00f3n, pero no se olviden de que los aumentos desproporcionados van en desmedro de la gran mayor\u00eda de dominicanos. A jugar limpio, sin perjudicar a los m\u00e1s necesitados, a todos. \u00a1Ay!, se me acab\u00f3 la tinta.<\/p>\n<\/p>\n<h6> 2019-07-30 00:52:41 <\/h6>\n<p><!--\n<link rel=\"stylesheet\" href=\"css\/bootstrap.min.css\">\n\n\n<ul class=\"pagination\">\n\t    \n\t\n\n<li >\n\t<a href='?page_no=599'>Previous<\/a>\n\t<\/li>\n\n\n       \n    \n\n<li><a href='?page_no=1'>1<\/a><\/li>\n\n\n\n<li><a href='?page_no=2'>2<\/a><\/li>\n\n\n\n<li><a>...<\/a><\/li>\n\n\n\n<li><a href='?page_no=598'>598<\/a><\/li>\n\n\n\n<li><a href='?page_no=599'>599<\/a><\/li>\n\n\n\n<li class='active'><a>600<\/a><\/li>\n\n\n\n<li><a href='?page_no=601'>601<\/a><\/li>\n\n\n\n<li><a href='?page_no=602'>602<\/a><\/li>\n\n\n\n<li><a>...<\/a><\/li>\n\n\n\n<li><a href='?page_no=13611'>13611<\/a><\/li>\n\n\n\n<li><a href='?page_no=13612'>13612<\/a><\/li>\n\n    \n\t\n\n<li >\n\t<a href='?page_no=601'>Next<\/a>\n\t<\/li>\n\n\n    \n\n<li><a href='?page_no=13612'>Last &rsaquo;&rsaquo;<\/a><\/li>\n\n<\/ul>\n\n\n--><br \/>\n<\/body><\/p>\n","protected":false},"excerpt":{"rendered":"<p>Por Manuel Hern\u00e1ndez Villeta El aumento en la leche entra\u00f1a un serio problema de desborde en la econom\u00eda popular. Los precios fijados est\u00e1n por debajo de lo que reclamaban los ganaderos, pero todav\u00eda as\u00ed, desatar\u00e1 una tormenta en la canasta familiar. Ser\u00eda incontable proceder ahora a destacar los sub-productos elaborados con la leche, y que [&hellip;]<\/p>\n","protected":false},"author":3,"featured_media":0,"comment_status":"open","ping_status":"open","sticky":false,"template":"","format":"standard","meta":{"footnotes":""},"categories":[16],"tags":[],"class_list":["post-43049","post","type-post","status-publish","format-standard","hentry","category-opiniones"],"_links":{"self":[{"href":"https:\/\/diariodominicano.com\/index.php?rest_route=\/wp\/v2\/posts\/43049","targetHints":{"allow":["GET"]}}],"collection":[{"href":"https:\/\/diariodominicano.com\/index.php?rest_route=\/wp\/v2\/posts"}],"about":[{"href":"https:\/\/diariodominicano.com\/index.php?rest_route=\/wp\/v2\/types\/post"}],"author":[{"embeddable":true,"href":"https:\/\/diariodominicano.com\/index.php?rest_route=\/wp\/v2\/users\/3"}],"replies":[{"embeddable":true,"href":"https:\/\/diariodominicano.com\/index.php?rest_route=%2Fwp%2Fv2%2Fcomments&post=43049"}],"version-history":[{"count":0,"href":"https:\/\/diariodominicano.com\/index.php?rest_route=\/wp\/v2\/posts\/43049\/revisions"}],"wp:attachment":[{"href":"https:\/\/diariodominicano.com\/index.php?rest_route=%2Fwp%2Fv2%2Fmedia&parent=43049"}],"wp:term":[{"taxonomy":"category","embeddable":true,"href":"https:\/\/diariodominicano.com\/index.php?rest_route=%2Fwp%2Fv2%2Fcategories&post=43049"},{"taxonomy":"post_tag","embeddable":true,"href":"https:\/\/diariodominicano.com\/index.php?rest_route=%2Fwp%2Fv2%2Ftags&post=43049"}],"curies":[{"name":"wp","href":"https:\/\/api.w.org\/{rel}","templated":true}]}}