{"id":430484,"date":"2023-04-09T21:06:19","date_gmt":"2023-04-10T01:06:19","guid":{"rendered":"http:\/\/diariodominicano.com\/?p=430484"},"modified":"2023-04-09T21:09:02","modified_gmt":"2023-04-10T01:09:02","slug":"digesett-realizo-el-carreteo-para-evitar-accidentes","status":"publish","type":"post","link":"https:\/\/diariodominicano.com\/?p=430484","title":{"rendered":"DIGESETT realiz\u00f3 el carreteo para evitar accidentes"},"content":{"rendered":"\n<figure class=\"wp-block-image size-large is-resized\"><img loading=\"lazy\" decoding=\"async\" src=\"https:\/\/diariodominicano.com\/wp-content\/uploads\/2023\/04\/DSC02007-1024x683.jpg\" alt=\"\" class=\"wp-image-430486\" width=\"616\" height=\"410\" srcset=\"https:\/\/diariodominicano.com\/wp-content\/uploads\/2023\/04\/DSC02007-1024x683.jpg 1024w, https:\/\/diariodominicano.com\/wp-content\/uploads\/2023\/04\/DSC02007-300x200.jpg 300w, https:\/\/diariodominicano.com\/wp-content\/uploads\/2023\/04\/DSC02007-768x512.jpg 768w, https:\/\/diariodominicano.com\/wp-content\/uploads\/2023\/04\/DSC02007-1536x1024.jpg 1536w, https:\/\/diariodominicano.com\/wp-content\/uploads\/2023\/04\/DSC02007-2048x1365.jpg 2048w, https:\/\/diariodominicano.com\/wp-content\/uploads\/2023\/04\/DSC02007-816x544.jpg 816w\" sizes=\"auto, (max-width: 616px) 100vw, 616px\" \/><figcaption> El director de la DIGESETT, general Ram\u00f3n Antonio Guzm\u00e1n Peralta, P.N., explic\u00f3 que el control en las v\u00edas empez\u00f3 como se hab\u00eda programado, de forma simult\u00e1nea, a las 2:00 de la tarde.&nbsp;&nbsp; <\/figcaption><\/figure>\n\n\n\n<p>La Direcci\u00f3n General de Seguridad de Tr\u00e1nsito y Transporte Terrestre (DIGESETT) concluy\u00f3 con \u00e9xito este Domingo de Resurrecci\u00f3n los carreteos simult\u00e1neos para garantizar un regreso seguro a las personas que salieron a vacacionar o a visitar sus familiares durante la Semana Santa.<\/p>\n\n\n\n<figure class=\"wp-block-image size-large\"><img loading=\"lazy\" decoding=\"async\" width=\"1024\" height=\"683\" src=\"https:\/\/diariodominicano.com\/wp-content\/uploads\/2023\/04\/DSC06812-1024x683.jpg\" alt=\"\" class=\"wp-image-430487\" srcset=\"https:\/\/diariodominicano.com\/wp-content\/uploads\/2023\/04\/DSC06812-1024x683.jpg 1024w, https:\/\/diariodominicano.com\/wp-content\/uploads\/2023\/04\/DSC06812-300x200.jpg 300w, https:\/\/diariodominicano.com\/wp-content\/uploads\/2023\/04\/DSC06812-768x512.jpg 768w, https:\/\/diariodominicano.com\/wp-content\/uploads\/2023\/04\/DSC06812-1536x1024.jpg 1536w, https:\/\/diariodominicano.com\/wp-content\/uploads\/2023\/04\/DSC06812-2048x1365.jpg 2048w, https:\/\/diariodominicano.com\/wp-content\/uploads\/2023\/04\/DSC06812-816x544.jpg 816w\" sizes=\"auto, (max-width: 1024px) 100vw, 1024px\" \/><\/figure>\n\n\n\n<p>El director de la DIGESETT, general Ram\u00f3n Antonio Guzm\u00e1n Peralta, P.N., explic\u00f3 que el control en las v\u00edas empez\u00f3 como se hab\u00eda programado, de forma simult\u00e1nea, a las 2:00 de la tarde.&nbsp;&nbsp;<\/p>\n\n\n\n<p>El carreteo en el Este,&nbsp; inici\u00f3 en Punta Cana hasta el puente Juan Carlos de la Autopista Las Am\u00e9ricas, provincia Santo Domingo.<\/p>\n\n\n\n<p>En la Aut. Duarte se tom\u00f3 como inicio la ciudad de Santiago de los Caballeros hasta el Km. 25 de la Aut. Duarte. En la regi\u00f3n Sur el carreteo comienza en el municipio de Ban\u00ed y termina en el peaje de la autopista 6 de Noviembre.<\/p>\n\n\n\n<p>El control de velocidad fue supervisado por Guzm\u00e1n Peralta, quien agradeci\u00f3 a los conductores por su colaboraci\u00f3n durante los controles que establecieron los agentes de tr\u00e1nsito.<\/p>\n\n\n\n<p>DIGESETT<a target=\"_blank\" href=\"mailto:rrpp.amet@gmail.com\" rel=\"noreferrer noopener\">rrpp.amet@gmail.com<\/a><\/p>\n\n\n\n<p>RV\/mr.<\/p>\n\n\n\n<p>pg.<\/p>\n\n\n\n<p><strong>&nbsp; DEPARTAMENTO DE COMUNICACIONES DIGESETT<\/strong><\/p>\n","protected":false},"excerpt":{"rendered":"<p>La Direcci\u00f3n General de Seguridad de Tr\u00e1nsito y Transporte Terrestre (DIGESETT) concluy\u00f3 con \u00e9xito este Domingo de Resurrecci\u00f3n los carreteos simult\u00e1neos para garantizar un regreso seguro a las personas que salieron a vacacionar o a visitar sus familiares durante la Semana Santa. El director de la DIGESETT, general Ram\u00f3n Antonio Guzm\u00e1n Peralta, P.N., explic\u00f3 que [&hellip;]<\/p>\n","protected":false},"author":28,"featured_media":430485,"comment_status":"closed","ping_status":"","sticky":true,"template":"","format":"standard","meta":{"footnotes":""},"categories":[20,29,27],"tags":[],"class_list":["post-430484","post","type-post","status-publish","format-standard","has-post-thumbnail","hentry","category-dominicana-hoy","category-policiasucesos","category-portada"],"_links":{"self":[{"href":"https:\/\/diariodominicano.com\/index.php?rest_route=\/wp\/v2\/posts\/430484","targetHints":{"allow":["GET"]}}],"collection":[{"href":"https:\/\/diariodominicano.com\/index.php?rest_route=\/wp\/v2\/posts"}],"about":[{"href":"https:\/\/diariodominicano.com\/index.php?rest_route=\/wp\/v2\/types\/post"}],"author":[{"embeddable":true,"href":"https:\/\/diariodominicano.com\/index.php?rest_route=\/wp\/v2\/users\/28"}],"replies":[{"embeddable":true,"href":"https:\/\/diariodominicano.com\/index.php?rest_route=%2Fwp%2Fv2%2Fcomments&post=430484"}],"version-history":[{"count":2,"href":"https:\/\/diariodominicano.com\/index.php?rest_route=\/wp\/v2\/posts\/430484\/revisions"}],"predecessor-version":[{"id":430489,"href":"https:\/\/diariodominicano.com\/index.php?rest_route=\/wp\/v2\/posts\/430484\/revisions\/430489"}],"wp:featuredmedia":[{"embeddable":true,"href":"https:\/\/diariodominicano.com\/index.php?rest_route=\/wp\/v2\/media\/430485"}],"wp:attachment":[{"href":"https:\/\/diariodominicano.com\/index.php?rest_route=%2Fwp%2Fv2%2Fmedia&parent=430484"}],"wp:term":[{"taxonomy":"category","embeddable":true,"href":"https:\/\/diariodominicano.com\/index.php?rest_route=%2Fwp%2Fv2%2Fcategories&post=430484"},{"taxonomy":"post_tag","embeddable":true,"href":"https:\/\/diariodominicano.com\/index.php?rest_route=%2Fwp%2Fv2%2Ftags&post=430484"}],"curies":[{"name":"wp","href":"https:\/\/api.w.org\/{rel}","templated":true}]}}