{"id":43048,"date":"2020-09-29T18:38:22","date_gmt":"2020-09-29T18:38:22","guid":{"rendered":"http:\/\/diariodominicano.ddns.net\/?p=43048"},"modified":"2020-09-29T18:38:22","modified_gmt":"2020-09-29T18:38:22","slug":"la-pandemia-y-la-apertura","status":"publish","type":"post","link":"https:\/\/diariodominicano.com\/?p=43048","title":{"rendered":"&#13;La Pandemia y la apertura"},"content":{"rendered":"<p><body><\/p>\n<p>A Pleno Sol<\/p>\n<\/p>\n<p>La Pandemia y la apertura<\/p>\n<\/p>\n<p>Por Manuel Hern\u00e1ndez Villeta<\/p>\n<\/p>\n<\/p>\n<p>Se debe examinar con mucha reflexi\u00f3n y  cierto temor la reducci\u00f3n del toque de queda y la apertura  comercial. Hasta ahora la estela de una parte significativa de dominicanos ha sido burlar las medidas de seguridad sanitaria.<\/p>\n<\/p>\n<p>Hay una masa que se debe tomar en consideraci\u00f3n a la que no le importan  los estragos de la pandemia, y se burla de las acciones de las autoridades sanitarias y no respetan el toque de queda. Fijado ahora a las nueve de la noche, es dif\u00edcil determinar hasta donde ser\u00e1 cumplido.<\/p>\n<\/p>\n<p>Las acciones de evitar el desbordamiento social tienen un punto de inflexi\u00f3n,  en que se debe llevar a cabo durante el d\u00eda, mientras se normalizan las actividades comerciales. Es una responsabilidad de las autoridades mantener los controles.<\/p>\n<\/p>\n<p>Pero al mismo tiempo la principal responsabilidad es del ciudadano. Cada dominicano y extranjero que se encuentre en el pa\u00eds debe poner su propia dosis de respeto y de acoger las medidas sanitarias dispuestas por las autoridades.<\/p>\n<\/p>\n<p>Hay que aprender a convivir con la pandemia. Es f\u00e1cil decirlo, pero dif\u00edcil de llevar a cabo. Se tienen que realizar con normalidad las actividades diarias, las comerciales, las escolares, las industriales, en fin, pero al mismo tiempo siguiendo todo el protocolo de salud.<\/p>\n<\/p>\n<p>Sin lugar a dudas el pa\u00eds tiene que mover la acci\u00f3n productiva. No se puede poner de rodillas, ni cruzar los brazos. En el siglo 21 hay que producir para subsistir. Con un cierre total  de las actividades, el pa\u00eds se derrumbar\u00eda. Por eso todos tenemos que tener conciencia de lo peligroso de un rebrote de la pandemia.<\/p>\n<\/p>\n<p>Junto a las decisiones de las autoridades, tiene que  haber una posici\u00f3n  c\u00edvica de respeto a las disposiciones sanitarias. En ocasiones todos los dominicanos pecamos de tozudos, de meternos en los bolsillos las disposiciones de las autoridades, y hasta nos complace violar las leyes.<\/p>\n<\/p>\n<p>Ahora tenemos que dejarnos de cuentos, una violaci\u00f3n  de las disposiciones sanitarias es comprar un boleto al cementerio. Ya entramos en un camino sin retorno. O aplicamos los correctivos sanitarios, o no podremos lograr una normalidad, aunque sea a medias, de la vida productiva dominicana.<\/p>\n<\/p>\n<p>Esperemos dos semanas para hacer balance de estos d\u00edas de reducci\u00f3n del toque de queda, y de apertura. Despu\u00e9s que se haga el balance y se contin\u00fae con m\u00e1s reintegraci\u00f3n comercial e industrial y eliminaci\u00f3n del toque de queda. Si hay rebrote, se impone el  cierre parcial de todas las actividades. \u00a1Ay!, se me acab\u00f3 la tinta.<\/p>\n<\/p>\n<h6> 2020-09-29 18:38:22 <\/h6>\n<p><!--\n<link rel=\"stylesheet\" href=\"css\/bootstrap.min.css\">\n\n\n<ul class=\"pagination\">\n\t    \n\t\n\n<li >\n\t<a href='?page_no=59'>Previous<\/a>\n\t<\/li>\n\n\n       \n    \n\n<li><a href='?page_no=1'>1<\/a><\/li>\n\n\n\n<li><a href='?page_no=2'>2<\/a><\/li>\n\n\n\n<li><a>...<\/a><\/li>\n\n\n\n<li><a href='?page_no=58'>58<\/a><\/li>\n\n\n\n<li><a href='?page_no=59'>59<\/a><\/li>\n\n\n\n<li class='active'><a>60<\/a><\/li>\n\n\n\n<li><a href='?page_no=61'>61<\/a><\/li>\n\n\n\n<li><a href='?page_no=62'>62<\/a><\/li>\n\n\n\n<li><a>...<\/a><\/li>\n\n\n\n<li><a href='?page_no=13611'>13611<\/a><\/li>\n\n\n\n<li><a href='?page_no=13612'>13612<\/a><\/li>\n\n    \n\t\n\n<li >\n\t<a href='?page_no=61'>Next<\/a>\n\t<\/li>\n\n\n    \n\n<li><a href='?page_no=13612'>Last &rsaquo;&rsaquo;<\/a><\/li>\n\n<\/ul>\n\n\n--><br \/>\n<\/body><\/p>\n","protected":false},"excerpt":{"rendered":"<p>A Pleno Sol La Pandemia y la apertura Por Manuel Hern\u00e1ndez Villeta Se debe examinar con mucha reflexi\u00f3n y cierto temor la reducci\u00f3n del toque de queda y la apertura comercial. Hasta ahora la estela de una parte significativa de dominicanos ha sido burlar las medidas de seguridad sanitaria. Hay una masa que se debe [&hellip;]<\/p>\n","protected":false},"author":3,"featured_media":0,"comment_status":"open","ping_status":"open","sticky":false,"template":"","format":"standard","meta":{"footnotes":""},"categories":[16],"tags":[],"class_list":["post-43048","post","type-post","status-publish","format-standard","hentry","category-opiniones"],"_links":{"self":[{"href":"https:\/\/diariodominicano.com\/index.php?rest_route=\/wp\/v2\/posts\/43048","targetHints":{"allow":["GET"]}}],"collection":[{"href":"https:\/\/diariodominicano.com\/index.php?rest_route=\/wp\/v2\/posts"}],"about":[{"href":"https:\/\/diariodominicano.com\/index.php?rest_route=\/wp\/v2\/types\/post"}],"author":[{"embeddable":true,"href":"https:\/\/diariodominicano.com\/index.php?rest_route=\/wp\/v2\/users\/3"}],"replies":[{"embeddable":true,"href":"https:\/\/diariodominicano.com\/index.php?rest_route=%2Fwp%2Fv2%2Fcomments&post=43048"}],"version-history":[{"count":0,"href":"https:\/\/diariodominicano.com\/index.php?rest_route=\/wp\/v2\/posts\/43048\/revisions"}],"wp:attachment":[{"href":"https:\/\/diariodominicano.com\/index.php?rest_route=%2Fwp%2Fv2%2Fmedia&parent=43048"}],"wp:term":[{"taxonomy":"category","embeddable":true,"href":"https:\/\/diariodominicano.com\/index.php?rest_route=%2Fwp%2Fv2%2Fcategories&post=43048"},{"taxonomy":"post_tag","embeddable":true,"href":"https:\/\/diariodominicano.com\/index.php?rest_route=%2Fwp%2Fv2%2Ftags&post=43048"}],"curies":[{"name":"wp","href":"https:\/\/api.w.org\/{rel}","templated":true}]}}