{"id":43036,"date":"2019-07-31T12:49:20","date_gmt":"2019-07-31T12:49:20","guid":{"rendered":"http:\/\/diariodominicano.ddns.net\/?p=43036"},"modified":"2019-07-31T12:49:20","modified_gmt":"2019-07-31T12:49:20","slug":"resurge-el-hombre-del-maletin","status":"publish","type":"post","link":"https:\/\/diariodominicano.com\/?p=43036","title":{"rendered":"Resurge el hombre del malet\u00edn"},"content":{"rendered":"<p><body><\/p>\n<p><strong>Mario Rivadulla  <\/strong><\/p>\n<\/p>\n<\/p>\n<p>Ni que poner en m\u00ednima duda la raz\u00f3n que le asiste al legislador Rub\u00e9n Maldonado, ex presidente de la C\u00e1mara de Diputados, cuando declara que la sospecha de recibir sobornos la ha dejado marcada con el infamante bald\u00f3n de la corrupci\u00f3n.<\/p>\n<\/p>\n<p>Cierto que la acusaci\u00f3n se mantuvo en suspenso durante un tiempo, para resurgir con fuerza con motivo del largo, tenso y cuestionado proceso de la reforma constitucional, con el \u00fanico, o al menos, principal prop\u00f3sito de habilitar al presidente Danilo Medina para que pudiera aspirar a un nuevo per\u00edodo.<\/p>\n<\/p>\n<p>El hecho de que sus principales promotores insistieran en introducir el proyecto dando seguridades de que ser\u00eda aprobado pese a no disponer de los votos suficientes, dio vida nuevamente a la vieja figura del llamado \u00abhombre del malet\u00edn\u00bb, en cuyo interior estar\u00eda guardada la llave m\u00e1gica para vencer la resistencia de los menos renuentes, a base de atractivas  cantidades de dinero y otras prebendas.<\/p>\n<\/p>\n<p>Lo que se manten\u00eda dentro del marco de la sospecha o la especulaci\u00f3n qued\u00f3 al desnudo, sin embargo, con la declaraci\u00f3n del poco conocido diputado Manuel D\u00edaz, de gesti\u00f3n y presencia bastante ignoradas pese a su larga permanencia de dieciocho a\u00f1os ocupando una curul en la C\u00e1mara Baja, dando a entender por lo claro que en su seno todo se vende y  se compra.    <\/p>\n<\/p>\n<p>Una revelaci\u00f3n tan a la franca que arroja cieno sobre la moral y el comportamiento de todo el pleno del cuerpo congresual, dado que no hizo excepciones, pareci\u00f3 resbalar sobre la piel de sus miembros que salvo contad\u00edsimas y no precisamente en\u00e9rgicas expresiones de rechazo, no dieron muestras de sentirse afectados. <\/p>\n<\/p>\n<p>Lo que por su gravedad supon\u00eda que al menos se produjese una sesi\u00f3n con fuertes cr\u00edticas contra D\u00edaz, y al menos la propuesta de una resoluci\u00f3n de condena, pas\u00f3 de largo en el seno de la C\u00e1mara pero dejando la huella del estigma p\u00fablico.  Es la imagen que persiste. Y que tal como admite Maldonado \u00abes un tema que no es nuevo, pero nunca como ahora se hab\u00eda hecho tan abierto.\u00bb<\/p>\n<\/p>\n<p>No tienen pues motivo de queja ni asombro los miembros de la C\u00e1mara de Diputados, en su gran mayor\u00eda obsesionados por el solo prop\u00f3sito de conservar sus curules, privilegios y beneficios, cuando en los sondeos de opini\u00f3n sobre las instituciones p\u00fablicas que disfrutan de peor reconocimiento figura ese cuerpo congresual.<\/p>\n<\/p>\n<p>Y que cada vez que se estanca un proyecto de ley de alto apremio nacional, como la cada vez mas urgente ley de Agua, o se apruebe una pieza legislativa que de la impresi\u00f3n de arropar un beneficio particular subyacente, a la mente acuda de inmediato la figura del \u00abhombre del malet\u00edn\u00bb movi\u00e9ndose por los pasillos del cuerpo y entre los escritorios de los diputados con su oculta carga de d\u00e1divas y promesas, ya sea para aprobar, ya para retener seg\u00fan sea el caso y la presi\u00f3n de los intereses involucrados.<\/p>\n<h6> 2019-07-31 12:49:20 <\/h6>\n<p><!--\n<link rel=\"stylesheet\" href=\"css\/bootstrap.min.css\">\n\n\n<ul class=\"pagination\">\n\t    \n\t\n\n<li >\n\t<a href='?page_no=598'>Previous<\/a>\n\t<\/li>\n\n\n       \n    \n\n<li><a href='?page_no=1'>1<\/a><\/li>\n\n\n\n<li><a href='?page_no=2'>2<\/a><\/li>\n\n\n\n<li><a>...<\/a><\/li>\n\n\n\n<li><a href='?page_no=597'>597<\/a><\/li>\n\n\n\n<li><a href='?page_no=598'>598<\/a><\/li>\n\n\n\n<li class='active'><a>599<\/a><\/li>\n\n\n\n<li><a href='?page_no=600'>600<\/a><\/li>\n\n\n\n<li><a href='?page_no=601'>601<\/a><\/li>\n\n\n\n<li><a>...<\/a><\/li>\n\n\n\n<li><a href='?page_no=13611'>13611<\/a><\/li>\n\n\n\n<li><a href='?page_no=13612'>13612<\/a><\/li>\n\n    \n\t\n\n<li >\n\t<a href='?page_no=600'>Next<\/a>\n\t<\/li>\n\n\n    \n\n<li><a href='?page_no=13612'>Last &rsaquo;&rsaquo;<\/a><\/li>\n\n<\/ul>\n\n\n--><br \/>\n<\/body><\/p>\n","protected":false},"excerpt":{"rendered":"<p>Mario Rivadulla Ni que poner en m\u00ednima duda la raz\u00f3n que le asiste al legislador Rub\u00e9n Maldonado, ex presidente de la C\u00e1mara de Diputados, cuando declara que la sospecha de recibir sobornos la ha dejado marcada con el infamante bald\u00f3n de la corrupci\u00f3n. Cierto que la acusaci\u00f3n se mantuvo en suspenso durante un tiempo, para [&hellip;]<\/p>\n","protected":false},"author":3,"featured_media":0,"comment_status":"open","ping_status":"open","sticky":false,"template":"","format":"standard","meta":{"footnotes":""},"categories":[16],"tags":[],"class_list":["post-43036","post","type-post","status-publish","format-standard","hentry","category-opiniones"],"_links":{"self":[{"href":"https:\/\/diariodominicano.com\/index.php?rest_route=\/wp\/v2\/posts\/43036","targetHints":{"allow":["GET"]}}],"collection":[{"href":"https:\/\/diariodominicano.com\/index.php?rest_route=\/wp\/v2\/posts"}],"about":[{"href":"https:\/\/diariodominicano.com\/index.php?rest_route=\/wp\/v2\/types\/post"}],"author":[{"embeddable":true,"href":"https:\/\/diariodominicano.com\/index.php?rest_route=\/wp\/v2\/users\/3"}],"replies":[{"embeddable":true,"href":"https:\/\/diariodominicano.com\/index.php?rest_route=%2Fwp%2Fv2%2Fcomments&post=43036"}],"version-history":[{"count":0,"href":"https:\/\/diariodominicano.com\/index.php?rest_route=\/wp\/v2\/posts\/43036\/revisions"}],"wp:attachment":[{"href":"https:\/\/diariodominicano.com\/index.php?rest_route=%2Fwp%2Fv2%2Fmedia&parent=43036"}],"wp:term":[{"taxonomy":"category","embeddable":true,"href":"https:\/\/diariodominicano.com\/index.php?rest_route=%2Fwp%2Fv2%2Fcategories&post=43036"},{"taxonomy":"post_tag","embeddable":true,"href":"https:\/\/diariodominicano.com\/index.php?rest_route=%2Fwp%2Fv2%2Ftags&post=43036"}],"curies":[{"name":"wp","href":"https:\/\/api.w.org\/{rel}","templated":true}]}}