{"id":430307,"date":"2023-04-09T01:04:38","date_gmt":"2023-04-09T05:04:38","guid":{"rendered":"http:\/\/diariodominicano.com\/?p=430307"},"modified":"2023-04-09T01:05:02","modified_gmt":"2023-04-09T05:05:02","slug":"informan-captura-de-privado-de-libertad-evadido-del-ccr-el-pinito-la-vega","status":"publish","type":"post","link":"https:\/\/diariodominicano.com\/?p=430307","title":{"rendered":"Informan captura de privado de libertad evadido del CCR El Pinito, La Vega"},"content":{"rendered":"\n<p>SANTO DOMINGO, Rep\u00fablica Dominicana.- Las autoridades penitenciarias informaron el s\u00e1bado la recaptura de un privado de libertad que se evadi\u00f3 el Viernes Santo al saltar uno de los muros y evitar los alambres de p\u00faas en el patio del Centro de Correcci\u00f3n y Rehabilitaci\u00f3n (CCR) El Pinito, en La Vega.<\/p>\n\n\n\n<p>Seg\u00fan el reporte de la Direcci\u00f3n General de Servicios Penitenciarios y Correccionales, Juan Carlos Santos Paredes, preventivo acusado de homicidio, aprovech\u00f3 el momento en que se hac\u00eda el recuento pasadas las 7:20 de la noche, para evadirse de la seguridad y salir del m\u00f3dulo hacia el patio. En la huida los agentes de las torres de seguridad realizaron varios disparos disuasivos que Santos Paredes ignor\u00f3, logrando saltar al otro lado.<\/p>\n\n\n\n<p>Pasada una hora el subdirector de seguridad del recinto y los agentes de las unidades especiales lo encontraron en una ca\u00f1ada cercana, mientras varias patrullas de la Polic\u00eda Nacional apoyaban haciendo rondas en los alrededores.<\/p>\n\n\n\n<p>Direcci\u00f3n General de Comunicaci\u00f3n, Prensa, y RRPP<\/p>\n\n\n\n<p>Ministerio P\u00fablico.&nbsp;R.D.<\/p>\n\n\n\n<p>S\u00e1bado, 8 de abril de 2023.<\/p>\n","protected":false},"excerpt":{"rendered":"<p>SANTO DOMINGO, Rep\u00fablica Dominicana.- Las autoridades penitenciarias informaron el s\u00e1bado la recaptura de un privado de libertad que se evadi\u00f3 el Viernes Santo al saltar uno de los muros y evitar los alambres de p\u00faas en el patio del Centro de Correcci\u00f3n y Rehabilitaci\u00f3n (CCR) El Pinito, en La Vega. Seg\u00fan el reporte de la [&hellip;]<\/p>\n","protected":false},"author":28,"featured_media":430219,"comment_status":"closed","ping_status":"","sticky":true,"template":"","format":"standard","meta":{"footnotes":""},"categories":[20,24,29,27],"tags":[],"class_list":["post-430307","post","type-post","status-publish","format-standard","has-post-thumbnail","hentry","category-dominicana-hoy","category-justicia-y-derecho","category-policiasucesos","category-portada"],"_links":{"self":[{"href":"https:\/\/diariodominicano.com\/index.php?rest_route=\/wp\/v2\/posts\/430307","targetHints":{"allow":["GET"]}}],"collection":[{"href":"https:\/\/diariodominicano.com\/index.php?rest_route=\/wp\/v2\/posts"}],"about":[{"href":"https:\/\/diariodominicano.com\/index.php?rest_route=\/wp\/v2\/types\/post"}],"author":[{"embeddable":true,"href":"https:\/\/diariodominicano.com\/index.php?rest_route=\/wp\/v2\/users\/28"}],"replies":[{"embeddable":true,"href":"https:\/\/diariodominicano.com\/index.php?rest_route=%2Fwp%2Fv2%2Fcomments&post=430307"}],"version-history":[{"count":2,"href":"https:\/\/diariodominicano.com\/index.php?rest_route=\/wp\/v2\/posts\/430307\/revisions"}],"predecessor-version":[{"id":430309,"href":"https:\/\/diariodominicano.com\/index.php?rest_route=\/wp\/v2\/posts\/430307\/revisions\/430309"}],"wp:featuredmedia":[{"embeddable":true,"href":"https:\/\/diariodominicano.com\/index.php?rest_route=\/wp\/v2\/media\/430219"}],"wp:attachment":[{"href":"https:\/\/diariodominicano.com\/index.php?rest_route=%2Fwp%2Fv2%2Fmedia&parent=430307"}],"wp:term":[{"taxonomy":"category","embeddable":true,"href":"https:\/\/diariodominicano.com\/index.php?rest_route=%2Fwp%2Fv2%2Fcategories&post=430307"},{"taxonomy":"post_tag","embeddable":true,"href":"https:\/\/diariodominicano.com\/index.php?rest_route=%2Fwp%2Fv2%2Ftags&post=430307"}],"curies":[{"name":"wp","href":"https:\/\/api.w.org\/{rel}","templated":true}]}}