{"id":430252,"date":"2023-04-08T20:29:13","date_gmt":"2023-04-09T00:29:13","guid":{"rendered":"http:\/\/diariodominicano.com\/?p=430252"},"modified":"2023-04-08T20:34:46","modified_gmt":"2023-04-09T00:34:46","slug":"recuerdan-en-haiti-legado-de-critica-de-arte-mireille-perodin","status":"publish","type":"post","link":"https:\/\/diariodominicano.com\/?p=430252","title":{"rendered":"Recuerdan en Hait\u00ed legado de cr\u00edtica de arte Mireille P\u00e9rodin"},"content":{"rendered":"\n<p>  Mireille P\u00e9rodin <\/p>\n\n\n\n<p>Puerto Pr\u00edncipe, 8 abr (Prensa Latina) El Ministerio de Cultura y Comunicaci\u00f3n de Hait\u00ed record\u00f3 hoy el legado de la cr\u00edtica de arte, galerista, profesora y reconocida figura de la comunidad art\u00edstica y cultural, Mireille P\u00e9rodin fallecida la v\u00edspera.&nbsp;&nbsp;&nbsp;&nbsp;<\/p>\n\n\n\n<ul class=\"wp-block-list\"><li>abril 8, 2023<\/li><li>CDT19:31 (GMT) -0400<\/li><\/ul>\n\n\n\n<p>La cartera destac\u00f3 que P\u00e9rodin dirigi\u00f3 durante muchos a\u00f1os Ateliers Jean-Ren\u00e9 J\u00e9r\u00f4me, que llevan el nombre de su marido, el c\u00e9lebre artista Jean-Ren\u00e9 J\u00e9r\u00f4me, cuyas obras contribuyeron a la renovaci\u00f3n de los c\u00f3digos figurativos de la pl\u00e1stica nacional.<\/p>\n\n\n\n<p>Tambi\u00e9n valor\u00f3 su enorme contribuci\u00f3n a la promoci\u00f3n de las artes visuales y la comprensi\u00f3n de sus obras, as\u00ed como su trabajo en la curadur\u00eda de la exposici\u00f3n Hait\u00ed, dos siglos de creaci\u00f3n art\u00edstica, exhibida en el Grand Palais de Francia, en 2015.<\/p>\n\n\n\n<p>P\u00e9rodin nacida el 13 de abril de 1952, fue alumna de la \u00c9cole Normale Sup\u00e9rieure y de la Facultad de Ciencias Human\u00edsticas.<\/p>\n\n\n\n<p>Tambi\u00e9n se desempe\u00f1\u00f3 como profesora de historia y geograf\u00eda en la ense\u00f1anza media.<\/p>\n\n\n\n<p>En 1995 realiz\u00f3 estudios de postgrado en Cuba donde se familiariz\u00f3 con el arte caribe\u00f1o y en 2011 complet\u00f3 una pasant\u00eda en el campo del arte del museo en el Centro Georges Pompidou de Francia.<\/p>\n\n\n\n<p>oda\/ane<\/p>\n","protected":false},"excerpt":{"rendered":"<p>Mireille P\u00e9rodin Puerto Pr\u00edncipe, 8 abr (Prensa Latina) El Ministerio de Cultura y Comunicaci\u00f3n de Hait\u00ed record\u00f3 hoy el legado de la cr\u00edtica de arte, galerista, profesora y reconocida figura de la comunidad art\u00edstica y cultural, Mireille P\u00e9rodin fallecida la v\u00edspera.&nbsp;&nbsp;&nbsp;&nbsp; abril 8, 2023 CDT19:31 (GMT) -0400 La cartera destac\u00f3 que P\u00e9rodin dirigi\u00f3 durante muchos [&hellip;]<\/p>\n","protected":false},"author":28,"featured_media":430254,"comment_status":"closed","ping_status":"","sticky":false,"template":"","format":"standard","meta":{"footnotes":""},"categories":[21,26,112],"tags":[],"class_list":["post-430252","post","type-post","status-publish","format-standard","has-post-thumbnail","hentry","category-cultura","category-efemerides","category-haiti"],"_links":{"self":[{"href":"https:\/\/diariodominicano.com\/index.php?rest_route=\/wp\/v2\/posts\/430252","targetHints":{"allow":["GET"]}}],"collection":[{"href":"https:\/\/diariodominicano.com\/index.php?rest_route=\/wp\/v2\/posts"}],"about":[{"href":"https:\/\/diariodominicano.com\/index.php?rest_route=\/wp\/v2\/types\/post"}],"author":[{"embeddable":true,"href":"https:\/\/diariodominicano.com\/index.php?rest_route=\/wp\/v2\/users\/28"}],"replies":[{"embeddable":true,"href":"https:\/\/diariodominicano.com\/index.php?rest_route=%2Fwp%2Fv2%2Fcomments&post=430252"}],"version-history":[{"count":2,"href":"https:\/\/diariodominicano.com\/index.php?rest_route=\/wp\/v2\/posts\/430252\/revisions"}],"predecessor-version":[{"id":430255,"href":"https:\/\/diariodominicano.com\/index.php?rest_route=\/wp\/v2\/posts\/430252\/revisions\/430255"}],"wp:featuredmedia":[{"embeddable":true,"href":"https:\/\/diariodominicano.com\/index.php?rest_route=\/wp\/v2\/media\/430254"}],"wp:attachment":[{"href":"https:\/\/diariodominicano.com\/index.php?rest_route=%2Fwp%2Fv2%2Fmedia&parent=430252"}],"wp:term":[{"taxonomy":"category","embeddable":true,"href":"https:\/\/diariodominicano.com\/index.php?rest_route=%2Fwp%2Fv2%2Fcategories&post=430252"},{"taxonomy":"post_tag","embeddable":true,"href":"https:\/\/diariodominicano.com\/index.php?rest_route=%2Fwp%2Fv2%2Ftags&post=430252"}],"curies":[{"name":"wp","href":"https:\/\/api.w.org\/{rel}","templated":true}]}}