{"id":430035,"date":"2023-04-07T14:27:52","date_gmt":"2023-04-07T18:27:52","guid":{"rendered":"http:\/\/diariodominicano.com\/?p=430035"},"modified":"2023-04-07T14:27:52","modified_gmt":"2023-04-07T18:27:52","slug":"dos-semanas-de-huelga-en-hospital-publico-de-cabo-haitiano","status":"publish","type":"post","link":"https:\/\/diariodominicano.com\/?p=430035","title":{"rendered":"Dos semanas de huelga en hospital p\u00fablico de Cabo Haitiano"},"content":{"rendered":"\n<p>Puerto Pr\u00edncipe, 7 abr (Prensa Latina) Los m\u00e9dicos residentes del Hospital Universitario Justinien de Cabo Haitiano siguen hoy en huelga para exigir mejores condiciones de trabajo, seguridad y servicio el\u00e9ctrico.&nbsp;&nbsp;&nbsp;&nbsp;<\/p>\n\n\n\n<ul class=\"wp-block-list\"><li>abril 7, 2023<\/li><li>CDT09:49 (GMT) -0400<\/li><\/ul>\n\n\n\n<p>El movimiento que ya cumpli\u00f3 dos semanas afecta significativamente el funcionamiento del nosocomio, el m\u00e1s grande del departamento Norte y el segundo en importancia tras el Hospital Universitario Estatal de Hait\u00ed (HUEH).<\/p>\n\n\n\n<p>La direcci\u00f3n de Justinien conden\u00f3 en una nota el comportamiento de los galenos y aseguraron que ahuyentaron \u201csalvajemente\u201d a los pacientes arranc\u00e1ndoles los sueros de los brazos.<\/p>\n\n\n\n<p>Por su parte, el personal sanitario cuestion\u00f3 que el paro de los m\u00e9dicos residentes responde a reivindicaciones personales, luego que uno de ellos fuera agredido en los predios de la instalaci\u00f3n.<\/p>\n\n\n\n<p>Los huelguistas, en cambio, rechazaron las acusaciones y reiteraron en conferencia de prensa que no levantar\u00e1n el movimiento hasta que se cumplan sus demandas que tambi\u00e9n incluyen acceso al agua y materiales de trabajo.<\/p>\n\n\n\n<p>El gremio de la salud de Hait\u00ed sufre recurrentes huelgas que paralizan los servicios sanitarios, en especial en el sector p\u00fablico.<\/p>\n\n\n\n<p>El HUEH en esta capital estuvo cerrado por m\u00e1s de dos meses por reivindicaciones similares y los m\u00e9dicos alentaron a otros colegas en todo el pa\u00eds a exigir sus derechos.<\/p>\n\n\n\n<p>mem\/ane<\/p>\n","protected":false},"excerpt":{"rendered":"<p>Puerto Pr\u00edncipe, 7 abr (Prensa Latina) Los m\u00e9dicos residentes del Hospital Universitario Justinien de Cabo Haitiano siguen hoy en huelga para exigir mejores condiciones de trabajo, seguridad y servicio el\u00e9ctrico.&nbsp;&nbsp;&nbsp;&nbsp; abril 7, 2023 CDT09:49 (GMT) -0400 El movimiento que ya cumpli\u00f3 dos semanas afecta significativamente el funcionamiento del nosocomio, el m\u00e1s grande del departamento Norte [&hellip;]<\/p>\n","protected":false},"author":28,"featured_media":430036,"comment_status":"closed","ping_status":"","sticky":false,"template":"","format":"standard","meta":{"footnotes":""},"categories":[112,23],"tags":[],"class_list":["post-430035","post","type-post","status-publish","format-standard","has-post-thumbnail","hentry","category-haiti","category-internacional"],"_links":{"self":[{"href":"https:\/\/diariodominicano.com\/index.php?rest_route=\/wp\/v2\/posts\/430035","targetHints":{"allow":["GET"]}}],"collection":[{"href":"https:\/\/diariodominicano.com\/index.php?rest_route=\/wp\/v2\/posts"}],"about":[{"href":"https:\/\/diariodominicano.com\/index.php?rest_route=\/wp\/v2\/types\/post"}],"author":[{"embeddable":true,"href":"https:\/\/diariodominicano.com\/index.php?rest_route=\/wp\/v2\/users\/28"}],"replies":[{"embeddable":true,"href":"https:\/\/diariodominicano.com\/index.php?rest_route=%2Fwp%2Fv2%2Fcomments&post=430035"}],"version-history":[{"count":1,"href":"https:\/\/diariodominicano.com\/index.php?rest_route=\/wp\/v2\/posts\/430035\/revisions"}],"predecessor-version":[{"id":430037,"href":"https:\/\/diariodominicano.com\/index.php?rest_route=\/wp\/v2\/posts\/430035\/revisions\/430037"}],"wp:featuredmedia":[{"embeddable":true,"href":"https:\/\/diariodominicano.com\/index.php?rest_route=\/wp\/v2\/media\/430036"}],"wp:attachment":[{"href":"https:\/\/diariodominicano.com\/index.php?rest_route=%2Fwp%2Fv2%2Fmedia&parent=430035"}],"wp:term":[{"taxonomy":"category","embeddable":true,"href":"https:\/\/diariodominicano.com\/index.php?rest_route=%2Fwp%2Fv2%2Fcategories&post=430035"},{"taxonomy":"post_tag","embeddable":true,"href":"https:\/\/diariodominicano.com\/index.php?rest_route=%2Fwp%2Fv2%2Ftags&post=430035"}],"curies":[{"name":"wp","href":"https:\/\/api.w.org\/{rel}","templated":true}]}}