{"id":42992,"date":"2019-08-04T20:46:55","date_gmt":"2019-08-04T20:46:55","guid":{"rendered":"http:\/\/diariodominicano.ddns.net\/?p=42992"},"modified":"2019-08-04T20:46:55","modified_gmt":"2019-08-04T20:46:55","slug":"activistas-ambientales-arriesgan-la-vida-para-salvar-el-planeta","status":"publish","type":"post","link":"https:\/\/diariodominicano.com\/?p=42992","title":{"rendered":"Activistas ambientales arriesgan la vida para salvar el planeta"},"content":{"rendered":"<p><body><\/p>\n<\/p>\n<p>Amy Goodman y Denis Moynihan<\/p>\n<\/p>\n<p>Hace poco m\u00e1s de un a\u00f1o, el 31 de julio de 2018, al salir de su hogar en la ciudad de Jers\u00f3n, Ucrania, la vicealcaldesa Katerina Handziuk sinti\u00f3 que un l\u00edquido le salpicaba la cabeza y el rostro. Un agresor le arroj\u00f3 un litro de \u00e1cido sulf\u00farico, lo que la dej\u00f3 cerca de la muerte, con quemaduras en la mitad de su cuerpo. En los meses previos al ataque, Handziuk hab\u00eda acusado a varios funcionarios locales de connivencia con la tala ilegal en el cercano bosque de Oleshky. Pas\u00f3 varios meses convaleciente en el hospital y finalmente muri\u00f3 a causa de sus heridas el 4 de noviembre. Tras las protestas y la presi\u00f3n internacional, varios sospechosos fueron arrestados, pero la familia y los partidarios de Handziuk alegan que hubo un encubrimiento para proteger a quienes planificaron el ataque que se eleva a las esferas m\u00e1s altas de la \u00e9lite pol\u00edtica ucraniana.<\/p>\n<\/p>\n<p>El brutal ataque contra Katerina Handziuk es solo uno de los 164 asesinatos de ecologistas y defensores de la tierra y el agua acaecidos en 2018, catalogados en un nuevo informe titulado \u00ab\u00bfEnemigos del Estado?: De c\u00f3mo los gobiernos y las empresas silencian a las personas defensoras de la tierra y del medio ambiente\u00bb. Publicado por Global Witness, una organizaci\u00f3n internacional sin fines de lucro que trabaja para proteger los derechos humanos y el medio ambiente y denuncia la corrupci\u00f3n, el informe se\u00f1ala que \u00abprobablemente la cifra real sea mucho mayor, porque los casos a menudo no se registran y rara vez se investigan\u00bb.<\/p>\n<\/p>\n<p>El informe tiene un car\u00e1cter global. Entre los lugares m\u00e1s peligrosos para los defensores de la tierra en 2018 se encuentran Filipinas, Guatemala y Brasil. El ritmo de la violencia en Brasil no ha dejado de acelerarse desde que el reaccionario de extrema derecha y negador del cambio clim\u00e1tico Jair Bolsonaro asumi\u00f3 la presidencia en enero de este a\u00f1o.<\/p>\n<\/p>\n<p>Carlos Rittl, secretario ejecutivo del Observatorio del Clima, una red de organizaciones de la sociedad civil brasile\u00f1a, expres\u00f3 en una entrevista para Democracy Now!: \u00abJair Bolsonaro fue electo tras prometer llevar adelante una campa\u00f1a anti medio ambiente. Lamentablemente, est\u00e1 cumpliendo con lo prometido. El departamento responsable de combatir la deforestaci\u00f3n, el Ministerio del Medio Ambiente, fue virtualmente desmantelado\u00bb. Desde que Bolsonaro asumi\u00f3 el cargo, la tasa de destrucci\u00f3n de la selva amaz\u00f3nica ha aumentado en casi un 40%. Conocida como \u00abel pulm\u00f3n del planeta\u00bb, la selva tropical juega un papel vital en la regulaci\u00f3n del clima mundial. En mayo, ocho ex ministros de Medio Ambiente brasile\u00f1os advirtieron: \u00abNos enfrentamos al riesgo de una deforestaci\u00f3n descontrolada de la Amazonia\u00bb. Como dijo una de ellos, Brasil se est\u00e1 convirtiendo en un \u00abexterminador del futuro\u00bb.<\/p>\n<\/p>\n<p>A fines de julio, Emyra Wajapi, l\u00edder de la tribu ind\u00edgena wajapi de la Amazonia, fue asesinado por un grupo de entre 10 y 15 hombres armados que formaban parte de una operaci\u00f3n minera ilegal. La alta comisionada de las Naciones Unidas para los derechos humanos, Michelle Bachelet, tambi\u00e9n expresidenta de Chile, calific\u00f3 su asesinato de \u00abtr\u00e1gico y censurable en s\u00ed mismo\u00bb. Tambi\u00e9n dijo que era un inquietante s\u00edntoma del creciente problema de la invasi\u00f3n de tierras ind\u00edgenas ?especialmente bosques? por parte de mineros, madereros y agricultores en Brasil.<\/p>\n<\/p>\n<p>Otro pa\u00eds donde Global Witness se\u00f1ala numerosos asesinatos de activistas es Colombia. La guerra civil de 50 a\u00f1os entre el gobierno colombiano y las FARC, Fuerzas Armadas Revolucionarias de Colombia, se resolvi\u00f3 en 2016 con un hist\u00f3rico acuerdo de paz. Sin embargo, desde que las FARC depusieron las armas y sus miembros se unieron a la sociedad civil colombiana, m\u00e1s de 500 l\u00edderes sociales y comunitarios han sido asesinados. Muchos culpan al gobierno derechista del presidente Iv\u00e1n Duque por no implementar disposiciones clave del acuerdo de paz.<\/p>\n<\/p>\n<p>Luis Gilberto Murillo, exgobernador del estado predominantemente afrocolombiano de Choc\u00f3 y ex ministro de Ambiente y Desarrollo Sostenible de Colombia, declar\u00f3 al ser entrevistado en \u00abDemocracy Now!: \u00abLas personas est\u00e1n siendo asesinadas por exigir derechos b\u00e1sicos. En particular, los derechos de acceso a la tierra y de ser libres en sus territorios. La forma de evitar estos asesinatos es implementar totalmente el proceso de paz, porque este proceso tiene algunas disposiciones para proteger a los l\u00edderes sociales. Por ejemplo, hay una comisi\u00f3n nacional para garantizar la protecci\u00f3n de los l\u00edderes sociales en el pa\u00eds y esa comisi\u00f3n no ha sido convocada regularmente por el gobierno actual\u00bb.<\/p>\n<\/p>\n<p>Recientemente sali\u00f3 a la luz un impactante video que muestra los momentos posteriores al asesinato de la reconocida activista comunitaria Maria del Pilar Hurtado en Colombia, en el que se ve a su hijo gritar y llorar junto a su cad\u00e1ver. Ese video desat\u00f3 un d\u00eda nacional de protestas, con miles de personas congregadas en Bogot\u00e1, la capital de Colombia, as\u00ed como manifestaciones en solidaridad por todo el mundo. Murillo se encontraba entre los manifestantes que protestaron frente a la residencia del embajador colombiano en Estados Unidos, ubicada en Washington D.C.<\/p>\n<\/p>\n<p>Los defensores de la tierra y del agua que se encuentran en la primera l\u00ednea de batalla est\u00e1n haciendo todo lo posible para salvar el planeta a costa de poner en riesgo su libertad y sus propias vidas. Lo menos que podemos hacer en Estados Unidos, el pa\u00eds m\u00e1s poderoso de la Tierra, es exigir un mundo donde las personas que se dedican a esta tarea crucial y urgente puedan hacerlo sin persecuci\u00f3n, da\u00f1o o incluso la muerte. Necesitamos que esta lucha \u00e9pica para evitar la cat\u00e1strofe clim\u00e1tica crezca a\u00fan m\u00e1s r\u00e1pido que el calentamiento global.<\/p>\n<\/p>\n<p>\u00a9 2019 Amy Goodman<\/p>\n<\/p>\n<p>Columna02 DE AGOSTO DE 2019<\/p>\n<p>Column default<\/p>\n<p>EscucheOtros formatos<\/p>\n<p>TEMAS<\/p>\n<p>Cambio clim\u00e1tico<\/p>\n<p>Medio Ambiente<\/p>\n<p>Estas noticias son patrocinadas por nuestra audiencia.<\/p>\n<p>DONAR<\/p>\n<\/p>\n<p>Traducci\u00f3n al espa\u00f1ol del texto en ingl\u00e9s: In\u00e9s Coira. Edici\u00f3n: Mar\u00eda Eva Blotta y Democracy Now! en espa\u00f1ol, spanish@democracynow.org<\/p>\n<\/p>\n<p>Amy Goodman es la conductora de Democracy Now!, un noticiero internacional que se emite diariamente en m\u00e1s de 800 emisoras de radio y televisi\u00f3n en ingl\u00e9s y en m\u00e1s de 450 en espa\u00f1ol. Es co-autora del libro \u00abLos que luchan contra el sistema: H\u00e9roes ordinarios en tiempos extraordinarios en Estados Unidos\u00bb, editado por Le Monde Diplomatique Cono Sur.<\/p>\n<\/p>\n<h6> 2019-08-04 20:46:55 <\/h6>\n<p><!--\n<link rel=\"stylesheet\" href=\"css\/bootstrap.min.css\">\n\n\n<ul class=\"pagination\">\n\t    \n\t\n\n<li >\n\t<a href='?page_no=594'>Previous<\/a>\n\t<\/li>\n\n\n       \n    \n\n<li><a href='?page_no=1'>1<\/a><\/li>\n\n\n\n<li><a href='?page_no=2'>2<\/a><\/li>\n\n\n\n<li><a>...<\/a><\/li>\n\n\n\n<li><a href='?page_no=593'>593<\/a><\/li>\n\n\n\n<li><a href='?page_no=594'>594<\/a><\/li>\n\n\n\n<li class='active'><a>595<\/a><\/li>\n\n\n\n<li><a href='?page_no=596'>596<\/a><\/li>\n\n\n\n<li><a href='?page_no=597'>597<\/a><\/li>\n\n\n\n<li><a>...<\/a><\/li>\n\n\n\n<li><a href='?page_no=13611'>13611<\/a><\/li>\n\n\n\n<li><a href='?page_no=13612'>13612<\/a><\/li>\n\n    \n\t\n\n<li >\n\t<a href='?page_no=596'>Next<\/a>\n\t<\/li>\n\n\n    \n\n<li><a href='?page_no=13612'>Last &rsaquo;&rsaquo;<\/a><\/li>\n\n<\/ul>\n\n\n--><br \/>\n<\/body><\/p>\n","protected":false},"excerpt":{"rendered":"<p>Amy Goodman y Denis Moynihan Hace poco m\u00e1s de un a\u00f1o, el 31 de julio de 2018, al salir de su hogar en la ciudad de Jers\u00f3n, Ucrania, la vicealcaldesa Katerina Handziuk sinti\u00f3 que un l\u00edquido le salpicaba la cabeza y el rostro. Un agresor le arroj\u00f3 un litro de \u00e1cido sulf\u00farico, lo que la [&hellip;]<\/p>\n","protected":false},"author":3,"featured_media":0,"comment_status":"open","ping_status":"open","sticky":false,"template":"","format":"standard","meta":{"footnotes":""},"categories":[16],"tags":[],"class_list":["post-42992","post","type-post","status-publish","format-standard","hentry","category-opiniones"],"_links":{"self":[{"href":"https:\/\/diariodominicano.com\/index.php?rest_route=\/wp\/v2\/posts\/42992","targetHints":{"allow":["GET"]}}],"collection":[{"href":"https:\/\/diariodominicano.com\/index.php?rest_route=\/wp\/v2\/posts"}],"about":[{"href":"https:\/\/diariodominicano.com\/index.php?rest_route=\/wp\/v2\/types\/post"}],"author":[{"embeddable":true,"href":"https:\/\/diariodominicano.com\/index.php?rest_route=\/wp\/v2\/users\/3"}],"replies":[{"embeddable":true,"href":"https:\/\/diariodominicano.com\/index.php?rest_route=%2Fwp%2Fv2%2Fcomments&post=42992"}],"version-history":[{"count":0,"href":"https:\/\/diariodominicano.com\/index.php?rest_route=\/wp\/v2\/posts\/42992\/revisions"}],"wp:attachment":[{"href":"https:\/\/diariodominicano.com\/index.php?rest_route=%2Fwp%2Fv2%2Fmedia&parent=42992"}],"wp:term":[{"taxonomy":"category","embeddable":true,"href":"https:\/\/diariodominicano.com\/index.php?rest_route=%2Fwp%2Fv2%2Fcategories&post=42992"},{"taxonomy":"post_tag","embeddable":true,"href":"https:\/\/diariodominicano.com\/index.php?rest_route=%2Fwp%2Fv2%2Ftags&post=42992"}],"curies":[{"name":"wp","href":"https:\/\/api.w.org\/{rel}","templated":true}]}}