{"id":42981,"date":"2019-08-05T01:47:58","date_gmt":"2019-08-05T01:47:58","guid":{"rendered":"http:\/\/diariodominicano.ddns.net\/?p=42981"},"modified":"2019-08-05T01:47:58","modified_gmt":"2019-08-05T01:47:58","slug":"aliados-o-socios","status":"publish","type":"post","link":"https:\/\/diariodominicano.com\/?p=42981","title":{"rendered":"\u00bfALIADOS O SOCIOS?"},"content":{"rendered":"<p><body><\/p>\n<p><strong>FRANKLIN ALMEYDA RANCIER<\/strong><\/p>\n<\/p>\n<p>Empresarios metidos de cabeza en la actividad pol\u00edtica y dirigentes pol\u00edticos convertidos en empresarios, es lo que estamos presenciando de un s\u00f3lo lado en este proceso para las primarias del 6 de octubre. <\/p>\n<\/p>\n<p>Se esperaba que competir\u00edan por la candidatura presidencial, desde el danilismo, seis dirigentes del PLD; cuatro del CP (Reinaldo, Temo, Radham\u00e9s y Carlos Amarante) y dos del CC (Navarro y Dom\u00ednguez Brito)<\/p>\n<\/p>\n<p>Apesar de esos seis insistir, unos con m\u00e1s intensidad que otros, en que Leonel deb\u00eda de no presentarse, para ellos tener el camino despejado, nunca se atrevieron a reclamarle a Danilo que no insistiera en intentar modificar la Constituci\u00f3n para habilitarse y  reelegirse nuevamente.<\/p>\n<\/p>\n<p>Esos seis les cre\u00edan a los promotores de la reelecci\u00f3n, cercanos del Presidente Medina, de que les conven\u00eda atacar a Leonel para ganarse a los seguidores de Danilo, por si \u00e9ste no iba. Parece que no razonaron y fueron persuadidos de que el problema era Leonel y no Danilo.<\/p>\n<\/p>\n<p>Los seis se sentaron bajo la sombra de Danilo e hicieron lo que \u00e9ste les dijo. No pudieron crecer, por lo que no marcan electoralmente; y Danilo lo sabe y siempre supo que iba a ser as\u00ed.<\/p>\n<\/p>\n<p>Los seis est\u00e1n ahora calladitos, a\u00fan con el camino m\u00e1s despejado, por Danilo estar obligado a acogerse a la prohibici\u00f3n constitucional. Ha de suponerse que los seis ahora se dan cuenta de que Danilo no suelta y decidi\u00f3 favorecer a un empresario metido de cabeza en la actividad pol\u00edtica, para que sea el precandidato que enfrente a Leonel.<\/p>\n<\/p>\n<p>Est\u00e1n calladitos porque las se\u00f1ales de Danilo son claras. Ruben Bichara, mano derecha de Danilo, es el jefe de campa\u00f1a del nuevo delf\u00edn, empresario metido de cabeza a precandidato presidencial; su encargado electoral es Francis Reyes, del equipo electoral de Danilo Medina, encabezado por Danilo D\u00edaz y Armando Garc\u00eda.<\/p>\n<\/p>\n<p>En ese equipo de campa\u00f1a hay un acompa\u00f1ante de un grupo econ\u00f3mico que tiene mucho tiempo buscando socios para sus empresas con los gobiernos de Danilo Medina; socios a contra pelo de que el PLD ha tenido como norma que sus gobiernos no deben ser socios, sino  aliados de los grupos econ\u00f3micos, para el desarrollo de pol\u00edticas de crecimiento econ\u00f3mico sostenido. Desde el gobierno no se hacen negocios; se protege la competitividad. En consecuencia, el PLD busca aliados en los grupos econ\u00f3momicos, no socios. <\/p>\n<\/p>\n<p>La precandidatura de Gonzalo Castillo es la mayor expresi\u00f3n del alejamiento a las normas y valores pelede\u00edsta. Por m\u00e1s dineros que tengan para la campa\u00f1a, por m\u00e1s apoyo desde el poder y del grupo econ\u00f3mico a que nos hemos referido, tiene como contrapartida  una legi\u00f3n de hombres y mujeres con tradici\u00f3n pelede\u00edsta, dispuestos a hacer alianzas (no socios) con los grupos econ\u00f3micos y la fuerza  del pueblo.<\/p>\n<\/p>\n<p>Los seis compa\u00f1eros precandidatos tienen un compromiso con su partido y consigo mismo. A ellos no se les ha dejado competir libremente. Les est\u00e1n patrocinando un antipartido. Ante este contexto, presumiblemente no esperado, deben mantener hasta el final sus precandidaturas y no retirarlas, como se les est\u00e1 obligando. Permanecer los posiciona para un futuro.<\/p>\n<\/p>\n<p>Este proceso se define en octubre, con las primarias. Habr\u00e1 un candidato del Partido, el cual es conocido por sus posturas concertadoras y capaz de instalar un gobierno partidario, con aliados y apoyado en el pueblo.<\/p>\n<\/p>\n<p><strong>El autor es miembro del CP del PLD, ex Ministro de Interior y ex Rector de la UASD.<\/strong><\/p>\n<h6> 2019-08-05 01:47:58 <\/h6>\n<p><!--\n<link rel=\"stylesheet\" href=\"css\/bootstrap.min.css\">\n\n\n<ul class=\"pagination\">\n\t    \n\t\n\n<li >\n\t<a href='?page_no=593'>Previous<\/a>\n\t<\/li>\n\n\n       \n    \n\n<li><a href='?page_no=1'>1<\/a><\/li>\n\n\n\n<li><a href='?page_no=2'>2<\/a><\/li>\n\n\n\n<li><a>...<\/a><\/li>\n\n\n\n<li><a href='?page_no=592'>592<\/a><\/li>\n\n\n\n<li><a href='?page_no=593'>593<\/a><\/li>\n\n\n\n<li class='active'><a>594<\/a><\/li>\n\n\n\n<li><a href='?page_no=595'>595<\/a><\/li>\n\n\n\n<li><a href='?page_no=596'>596<\/a><\/li>\n\n\n\n<li><a>...<\/a><\/li>\n\n\n\n<li><a href='?page_no=13611'>13611<\/a><\/li>\n\n\n\n<li><a href='?page_no=13612'>13612<\/a><\/li>\n\n    \n\t\n\n<li >\n\t<a href='?page_no=595'>Next<\/a>\n\t<\/li>\n\n\n    \n\n<li><a href='?page_no=13612'>Last &rsaquo;&rsaquo;<\/a><\/li>\n\n<\/ul>\n\n\n--><br \/>\n<\/body><\/p>\n","protected":false},"excerpt":{"rendered":"<p>FRANKLIN ALMEYDA RANCIER Empresarios metidos de cabeza en la actividad pol\u00edtica y dirigentes pol\u00edticos convertidos en empresarios, es lo que estamos presenciando de un s\u00f3lo lado en este proceso para las primarias del 6 de octubre. Se esperaba que competir\u00edan por la candidatura presidencial, desde el danilismo, seis dirigentes del PLD; cuatro del CP (Reinaldo, [&hellip;]<\/p>\n","protected":false},"author":3,"featured_media":0,"comment_status":"open","ping_status":"open","sticky":false,"template":"","format":"standard","meta":{"footnotes":""},"categories":[16],"tags":[],"class_list":["post-42981","post","type-post","status-publish","format-standard","hentry","category-opiniones"],"_links":{"self":[{"href":"https:\/\/diariodominicano.com\/index.php?rest_route=\/wp\/v2\/posts\/42981","targetHints":{"allow":["GET"]}}],"collection":[{"href":"https:\/\/diariodominicano.com\/index.php?rest_route=\/wp\/v2\/posts"}],"about":[{"href":"https:\/\/diariodominicano.com\/index.php?rest_route=\/wp\/v2\/types\/post"}],"author":[{"embeddable":true,"href":"https:\/\/diariodominicano.com\/index.php?rest_route=\/wp\/v2\/users\/3"}],"replies":[{"embeddable":true,"href":"https:\/\/diariodominicano.com\/index.php?rest_route=%2Fwp%2Fv2%2Fcomments&post=42981"}],"version-history":[{"count":0,"href":"https:\/\/diariodominicano.com\/index.php?rest_route=\/wp\/v2\/posts\/42981\/revisions"}],"wp:attachment":[{"href":"https:\/\/diariodominicano.com\/index.php?rest_route=%2Fwp%2Fv2%2Fmedia&parent=42981"}],"wp:term":[{"taxonomy":"category","embeddable":true,"href":"https:\/\/diariodominicano.com\/index.php?rest_route=%2Fwp%2Fv2%2Fcategories&post=42981"},{"taxonomy":"post_tag","embeddable":true,"href":"https:\/\/diariodominicano.com\/index.php?rest_route=%2Fwp%2Fv2%2Ftags&post=42981"}],"curies":[{"name":"wp","href":"https:\/\/api.w.org\/{rel}","templated":true}]}}