{"id":42970,"date":"2019-08-06T00:36:09","date_gmt":"2019-08-06T00:36:09","guid":{"rendered":"http:\/\/diariodominicano.ddns.net\/?p=42970"},"modified":"2019-08-06T00:36:09","modified_gmt":"2019-08-06T00:36:09","slug":"los-plasticos-y-el-medio-ambiente","status":"publish","type":"post","link":"https:\/\/diariodominicano.com\/?p=42970","title":{"rendered":"LOS PLASTICOS Y EL MEDIO AMBIENTE"},"content":{"rendered":"<p><body><\/p>\n<p>EL TIRO RAPIDO<\/p>\n<\/p>\n<p>LOS PLASTICOS Y EL MEDIO AMBIENTE<\/p>\n<\/p>\n<\/p>\n<p>No pod\u00eda ser m\u00e1s oportuno el tema escogido  por la Asociaci\u00f3n de Industrias para cubrir el m\u00e1s reciente turno de exposici\u00f3n en su acostumbrado Desayuno Mensual celebrado precisamente este pasado jueves, d\u00eda de inicio del presente agosto.<\/p>\n<\/p>\n<\/p>\n<p>Por obvias razones toc\u00f3 al Ministro de Medio Ambiente y Recursos Naturales, Angel Est\u00e9vez, abordar el de los residuos pl\u00e1sticos. En su exposici\u00f3n, inform\u00f3 que cada a\u00f1o se genera a nivel mundial un promedio aproximado de 448 millones de toneladas de residuos de productos pl\u00e1sticos, de los cuales apenas se recicla un 9 por ciento. En Rep\u00fablica Dominicana la producci\u00f3n alcanza a 264 mil toneladas con un promedio de reciclaje del ocho por ciento.<\/p>\n<\/p>\n<\/p>\n<p>El expositor revel\u00f3 que se estima que aproximadamente unos  unos diez millones de toneladas de residuos pl\u00e1sticos son vertidos en los oc\u00e9anos contaminando y amenazando la vida de los peces y las aves acu\u00e1ticas, y por extensi\u00f3n la producci\u00f3n de alimentos.  Ya se ha detectado la presencia de micropl\u00e1sticos en la sal marina. Dado que no se degradan, la acumulaci\u00f3n creciente en los mares de residuos pl\u00e1sticos manejados como desechos representa un riesgo cada vez mayor.<\/p>\n<\/p>\n<\/p>\n<p>Al expresar la necesidad de llevar a cabo un amplio plan de educaci\u00f3n y de alianza entre el sector p\u00fablico y el privado con la finalidad de elevar el reciclaje de pl\u00e1sticos de su actual nivel bajo nivel  hasta un sesenta por ciento, Est\u00e9vez destac\u00f3 el positivo trabajo de concienciaci\u00f3n que est\u00e1 llevando a cabo la Asociaci\u00f3n de Industrias, principalmente entre su membres\u00eda, para lograr que un n\u00famero cada vez mayor de empresas se sume a la campa\u00f1a del reciclaje de pl\u00e1sticos.<\/p>\n<\/p>\n<\/p>\n<p>Tal como expres\u00f3 el presidente de la entidad, Celso Juan Marranzini, al hacer la presentaci\u00f3n del expositor, el supuesto desecho de pl\u00e1stico no es tal. En realidad es residuo, susceptible de ser reciclado, lo que adem\u00e1s de reducir los niveles de contaminaci\u00f3n comporta un beneficio econ\u00f3mico.<\/p>\n<\/p>\n<\/p>\n<p>No es de ahora ni la primera ocasi\u00f3n en que la Asociaci\u00f3n de Industrias asume el reciclaje de pl\u00e1sticos como tema de alta prioridad.  Lo es y en alto grado por su contribuci\u00f3n al cambio clim\u00e1tico, sobre cuyas consecuencias en d\u00edas recientes, la directora del Programa de las Naciones Unidas para el Medio Ambiente,  Inger Andersen, hizo un pron\u00f3stico sombr\u00edo de sus catastr\u00f3ficas consecuencias si no se adoptan las cada vez m\u00e1s urgentes medidas correctivas que reduzcan su impacto.<\/p>\n<\/p>\n<\/p>\n<p>Enfocar y manejar adecuadamente los residuos de pl\u00e1stico por v\u00eda del reciclaje es una de esas primeras medidas que tenemos como reto y tarea.<\/p>\n<\/p>\n<h6> 2019-08-06 00:36:09 <\/h6>\n<p><!--\n<link rel=\"stylesheet\" href=\"css\/bootstrap.min.css\">\n\n\n<ul class=\"pagination\">\n\t    \n\t\n\n<li >\n\t<a href='?page_no=592'>Previous<\/a>\n\t<\/li>\n\n\n       \n    \n\n<li><a href='?page_no=1'>1<\/a><\/li>\n\n\n\n<li><a href='?page_no=2'>2<\/a><\/li>\n\n\n\n<li><a>...<\/a><\/li>\n\n\n\n<li><a href='?page_no=591'>591<\/a><\/li>\n\n\n\n<li><a href='?page_no=592'>592<\/a><\/li>\n\n\n\n<li class='active'><a>593<\/a><\/li>\n\n\n\n<li><a href='?page_no=594'>594<\/a><\/li>\n\n\n\n<li><a href='?page_no=595'>595<\/a><\/li>\n\n\n\n<li><a>...<\/a><\/li>\n\n\n\n<li><a href='?page_no=13611'>13611<\/a><\/li>\n\n\n\n<li><a href='?page_no=13612'>13612<\/a><\/li>\n\n    \n\t\n\n<li >\n\t<a href='?page_no=594'>Next<\/a>\n\t<\/li>\n\n\n    \n\n<li><a href='?page_no=13612'>Last &rsaquo;&rsaquo;<\/a><\/li>\n\n<\/ul>\n\n\n--><br \/>\n<\/body><\/p>\n","protected":false},"excerpt":{"rendered":"<p>EL TIRO RAPIDO LOS PLASTICOS Y EL MEDIO AMBIENTE No pod\u00eda ser m\u00e1s oportuno el tema escogido por la Asociaci\u00f3n de Industrias para cubrir el m\u00e1s reciente turno de exposici\u00f3n en su acostumbrado Desayuno Mensual celebrado precisamente este pasado jueves, d\u00eda de inicio del presente agosto. Por obvias razones toc\u00f3 al Ministro de Medio Ambiente [&hellip;]<\/p>\n","protected":false},"author":3,"featured_media":0,"comment_status":"open","ping_status":"open","sticky":false,"template":"","format":"standard","meta":{"footnotes":""},"categories":[16],"tags":[],"class_list":["post-42970","post","type-post","status-publish","format-standard","hentry","category-opiniones"],"_links":{"self":[{"href":"https:\/\/diariodominicano.com\/index.php?rest_route=\/wp\/v2\/posts\/42970","targetHints":{"allow":["GET"]}}],"collection":[{"href":"https:\/\/diariodominicano.com\/index.php?rest_route=\/wp\/v2\/posts"}],"about":[{"href":"https:\/\/diariodominicano.com\/index.php?rest_route=\/wp\/v2\/types\/post"}],"author":[{"embeddable":true,"href":"https:\/\/diariodominicano.com\/index.php?rest_route=\/wp\/v2\/users\/3"}],"replies":[{"embeddable":true,"href":"https:\/\/diariodominicano.com\/index.php?rest_route=%2Fwp%2Fv2%2Fcomments&post=42970"}],"version-history":[{"count":0,"href":"https:\/\/diariodominicano.com\/index.php?rest_route=\/wp\/v2\/posts\/42970\/revisions"}],"wp:attachment":[{"href":"https:\/\/diariodominicano.com\/index.php?rest_route=%2Fwp%2Fv2%2Fmedia&parent=42970"}],"wp:term":[{"taxonomy":"category","embeddable":true,"href":"https:\/\/diariodominicano.com\/index.php?rest_route=%2Fwp%2Fv2%2Fcategories&post=42970"},{"taxonomy":"post_tag","embeddable":true,"href":"https:\/\/diariodominicano.com\/index.php?rest_route=%2Fwp%2Fv2%2Ftags&post=42970"}],"curies":[{"name":"wp","href":"https:\/\/api.w.org\/{rel}","templated":true}]}}