{"id":42959,"date":"2019-08-06T10:35:49","date_gmt":"2019-08-06T10:35:49","guid":{"rendered":"http:\/\/diariodominicano.ddns.net\/?p=42959"},"modified":"2019-08-06T10:35:49","modified_gmt":"2019-08-06T10:35:49","slug":"un-fin-de-semana-negro","status":"publish","type":"post","link":"https:\/\/diariodominicano.com\/?p=42959","title":{"rendered":"UN FIN DE SEMANA NEGRO"},"content":{"rendered":"<p><body><\/p>\n<p>EL TIRO RAPIDO<\/p>\n<\/p>\n<p>UN FIN DE SEMANA NEGRO<\/p>\n<\/p>\n<\/p>\n<p>No pudo resultar m\u00e1s tr\u00e1gico el fin de semana para los Estados Unidos con la comisi\u00f3n de dos atentados masivos llevados a cabo con diferencia de pocas horas pero en lugares diferentes y distantes,  al parecer de manera independiente y sin ninguna relaci\u00f3n.<\/p>\n<\/p>\n<\/p>\n<p>El primero, que las autoridades califican  como un \u00abcrimen de odio\u00bb y de \u00abterrorismo dom\u00e9stico\u00bb tuvo lugar en la ciudad de El Paso, en Texas, cuando un joven  armado dispar\u00f3 de manera indiscriminada contra una multitud concentrada en un centro comercial, matando a veintiuna personas e hiriendo a varias docenas.<\/p>\n<\/p>\n<\/p>\n<p>Previamente el autor de la masacre, Patrick Crusius, de 21 a\u00f1os,  quien fue detenido  hab\u00eda subido a la Internet una diatriba racista y antiinmigrante.  A\u00fan cuando las investigaciones se encuentran todav\u00eda en proceso, ya la fiscal\u00eda de Texas adelant\u00f3 que pedir\u00e1 sea condenado a pena de muerte.<\/p>\n<\/p>\n<\/p>\n<p>Ya en la madrugada tuvo lugar el segundo atentado, esta vez cometido por otro joven de 24 a\u00f1os, Connor Betts, quien provisto de un chaleco antibalas y una gran cantidad de municiones abri\u00f3 fuego contra un concurrido centro nocturno en la ciudad de Dayton, Ohio, en una zona considerada hasta ahora tranquila y segura, dando muerte a nueve personas, incluyendo su propia hermana, e hiriendo a decenas mas.   La pronta intervenci\u00f3n de la Polic\u00eda que abati\u00f3 al agresor impidi\u00f3 que el n\u00famero de v\u00edctimas fuese mucho mayor.<\/p>\n<\/p>\n<\/p>\n<p>Aunque en otros pa\u00edses se han registrado actos de terrorismo dom\u00e9stico, los Estados Unidos con amplio margen es donde se registra con mayor frecuencia este tipo de atentados masivos, sobre todo en escuelas y campus universitarios, centros comerciales y sitios de recreaci\u00f3n. Es tambi\u00e9n la naci\u00f3n donde existe una mayor cantidad de armas, incluyendo las m\u00e1s modernas y sofisticadas, y de alta potencia de fuego en poder de la poblaci\u00f3n civil, y  resultan de m\u00e1s f\u00e1cil adquisici\u00f3n en las numerosas armer\u00edas que se expanden por todo su territorio.<\/p>\n<\/p>\n<\/p>\n<p>Cada vez que ocurren hechos de sangre estremecedores como los que acaban de tener lugar este fin de semana negro, surge con renovada fuerza el reclamo de activistas, que no parecen contar con la fuerza suficiente  para presionar  que se establezcan controles m\u00e1s estrictos sobre la venta, tenencia y porte  de armas, la expedici\u00f3n de licencias y los requisitos para adquirirlas. En un pa\u00eds de aproximadamente 350 millones de habitantes, se estima que nueve de cada diez posee un arma de fuego.<\/p>\n<\/p>\n<\/p>\n<p>Lamentablemente uno de los mas poderosos grupos que influencian en el Congreso y de los mayores aportantes a las campa\u00f1as electorales es el lobby de los vendedores de armas quienes cada a\u00f1o mueven internamente   miles de millones de d\u00f3lares, lo que hace cada vez m\u00e1s improbable que pueda lograrse poner trabas a tan lucrativo negocio.  De hecho, no son muchos los pol\u00edticos que se atreven a hacerles frente.<\/p>\n<\/p>\n<\/p>\n<p>Todo apunta, por consiguiente, a que los Estados Unidos continuar\u00e1n  sirviendo de escenario a estas irracionales masacres, m\u00e1s ahora que grupos extremistas y supremacistas est\u00e1n promoviendo el odio racial para lo cual parecen estar encontrando un terreno cada vez m\u00e1s f\u00e9rtil.<\/p>\n<\/p>\n<\/p>\n<p>&#8230;<\/p>\n<\/p>\n<p>[Mensaje recortado]  Ver todo el mensaje<\/p>\n<h6> 2019-08-06 10:35:49 <\/h6>\n<p><!--\n<link rel=\"stylesheet\" href=\"css\/bootstrap.min.css\">\n\n\n<ul class=\"pagination\">\n\t    \n\t\n\n<li >\n\t<a href='?page_no=591'>Previous<\/a>\n\t<\/li>\n\n\n       \n    \n\n<li><a href='?page_no=1'>1<\/a><\/li>\n\n\n\n<li><a href='?page_no=2'>2<\/a><\/li>\n\n\n\n<li><a>...<\/a><\/li>\n\n\n\n<li><a href='?page_no=590'>590<\/a><\/li>\n\n\n\n<li><a href='?page_no=591'>591<\/a><\/li>\n\n\n\n<li class='active'><a>592<\/a><\/li>\n\n\n\n<li><a href='?page_no=593'>593<\/a><\/li>\n\n\n\n<li><a href='?page_no=594'>594<\/a><\/li>\n\n\n\n<li><a>...<\/a><\/li>\n\n\n\n<li><a href='?page_no=13611'>13611<\/a><\/li>\n\n\n\n<li><a href='?page_no=13612'>13612<\/a><\/li>\n\n    \n\t\n\n<li >\n\t<a href='?page_no=593'>Next<\/a>\n\t<\/li>\n\n\n    \n\n<li><a href='?page_no=13612'>Last &rsaquo;&rsaquo;<\/a><\/li>\n\n<\/ul>\n\n\n--><br \/>\n<\/body><\/p>\n","protected":false},"excerpt":{"rendered":"<p>EL TIRO RAPIDO UN FIN DE SEMANA NEGRO No pudo resultar m\u00e1s tr\u00e1gico el fin de semana para los Estados Unidos con la comisi\u00f3n de dos atentados masivos llevados a cabo con diferencia de pocas horas pero en lugares diferentes y distantes, al parecer de manera independiente y sin ninguna relaci\u00f3n. El primero, que las [&hellip;]<\/p>\n","protected":false},"author":3,"featured_media":0,"comment_status":"open","ping_status":"open","sticky":false,"template":"","format":"standard","meta":{"footnotes":""},"categories":[16],"tags":[],"class_list":["post-42959","post","type-post","status-publish","format-standard","hentry","category-opiniones"],"_links":{"self":[{"href":"https:\/\/diariodominicano.com\/index.php?rest_route=\/wp\/v2\/posts\/42959","targetHints":{"allow":["GET"]}}],"collection":[{"href":"https:\/\/diariodominicano.com\/index.php?rest_route=\/wp\/v2\/posts"}],"about":[{"href":"https:\/\/diariodominicano.com\/index.php?rest_route=\/wp\/v2\/types\/post"}],"author":[{"embeddable":true,"href":"https:\/\/diariodominicano.com\/index.php?rest_route=\/wp\/v2\/users\/3"}],"replies":[{"embeddable":true,"href":"https:\/\/diariodominicano.com\/index.php?rest_route=%2Fwp%2Fv2%2Fcomments&post=42959"}],"version-history":[{"count":0,"href":"https:\/\/diariodominicano.com\/index.php?rest_route=\/wp\/v2\/posts\/42959\/revisions"}],"wp:attachment":[{"href":"https:\/\/diariodominicano.com\/index.php?rest_route=%2Fwp%2Fv2%2Fmedia&parent=42959"}],"wp:term":[{"taxonomy":"category","embeddable":true,"href":"https:\/\/diariodominicano.com\/index.php?rest_route=%2Fwp%2Fv2%2Fcategories&post=42959"},{"taxonomy":"post_tag","embeddable":true,"href":"https:\/\/diariodominicano.com\/index.php?rest_route=%2Fwp%2Fv2%2Ftags&post=42959"}],"curies":[{"name":"wp","href":"https:\/\/api.w.org\/{rel}","templated":true}]}}