{"id":429484,"date":"2023-04-05T00:24:47","date_gmt":"2023-04-05T04:24:47","guid":{"rendered":"http:\/\/diariodominicano.com\/?p=429484"},"modified":"2023-04-05T00:25:00","modified_gmt":"2023-04-05T04:25:00","slug":"denuncian-en-haiti-atrasos-en-pagos-de-profesores","status":"publish","type":"post","link":"https:\/\/diariodominicano.com\/?p=429484","title":{"rendered":"Denuncian en Hait\u00ed atrasos en pagos de profesores"},"content":{"rendered":"\n<p>Puerto Pr\u00edncipe, 4 abr (Prensa Latina) La Uni\u00f3n Nacional de Normalistas y Educadores de Hait\u00ed denunci\u00f3 hoy que pese a la grave crisis econ\u00f3mica y la inflaci\u00f3n que sufre Hait\u00ed, el Gobierno no paga en tiempo a los docentes.&nbsp;&nbsp;&nbsp;&nbsp;<\/p>\n\n\n\n<ul class=\"wp-block-list\"><li>abril 4, 2023<\/li><li>CDT19:45 (GMT) -0400<\/li><\/ul>\n\n\n\n<p>El sindicato deplor\u00f3 que los profesores de las escuelas p\u00fablicas pueden pasar hasta tres meses sin percibir sus honorarios, a pesar de las precarias condiciones en la que viven los docentes por el aumento del costo de la vida.<\/p>\n\n\n\n<p>En este sentido, conden\u00f3 la actitud del Gobierno y llam\u00f3 a los maestros a movilizarse contra esta pr\u00e1ctica recurrente, aseguraron.<\/p>\n\n\n\n<p>Se\u00f1alaron que el Fondo Nacional de Educaci\u00f3n deber\u00eda emplearse en el sector y reclamaron el pago mensual de los trabajadores.<\/p>\n\n\n\n<p>El sector educativo se vio gravemente afectado por las c\u00edclicas crisis que vive el pa\u00eds y en particular el actual a\u00f1o acad\u00e9mico constituye un desaf\u00edo por el incremento de la violencia que oblig\u00f3 el cierre de muchas escuelas en la zona metropolitana de la capital y en el departamento Artibonite.<\/p>\n\n\n\n<p>Tambi\u00e9n se sum\u00f3 el desabastecimiento de combustibles como consecuencia del bloqueo a la principal terminal petrolera del pa\u00eds y los disturbios pol\u00edticos.<\/p>\n\n\n\n<p>El ministro de Educaci\u00f3n, Nesmy Manigat, lament\u00f3 en marzo que los estudiantes perdieron al menos un a\u00f1o acad\u00e9mico en el \u00faltimo lustro por la situaci\u00f3n del pa\u00eds y abog\u00f3 por permitir que los alumnos puedan recibir sus clases en paz.<\/p>\n\n\n\n<p>npg\/ane<\/p>\n","protected":false},"excerpt":{"rendered":"<p>Puerto Pr\u00edncipe, 4 abr (Prensa Latina) La Uni\u00f3n Nacional de Normalistas y Educadores de Hait\u00ed denunci\u00f3 hoy que pese a la grave crisis econ\u00f3mica y la inflaci\u00f3n que sufre Hait\u00ed, el Gobierno no paga en tiempo a los docentes.&nbsp;&nbsp;&nbsp;&nbsp; abril 4, 2023 CDT19:45 (GMT) -0400 El sindicato deplor\u00f3 que los profesores de las escuelas p\u00fablicas [&hellip;]<\/p>\n","protected":false},"author":28,"featured_media":0,"comment_status":"closed","ping_status":"","sticky":false,"template":"","format":"standard","meta":{"footnotes":""},"categories":[112,23],"tags":[],"class_list":["post-429484","post","type-post","status-publish","format-standard","hentry","category-haiti","category-internacional"],"_links":{"self":[{"href":"https:\/\/diariodominicano.com\/index.php?rest_route=\/wp\/v2\/posts\/429484","targetHints":{"allow":["GET"]}}],"collection":[{"href":"https:\/\/diariodominicano.com\/index.php?rest_route=\/wp\/v2\/posts"}],"about":[{"href":"https:\/\/diariodominicano.com\/index.php?rest_route=\/wp\/v2\/types\/post"}],"author":[{"embeddable":true,"href":"https:\/\/diariodominicano.com\/index.php?rest_route=\/wp\/v2\/users\/28"}],"replies":[{"embeddable":true,"href":"https:\/\/diariodominicano.com\/index.php?rest_route=%2Fwp%2Fv2%2Fcomments&post=429484"}],"version-history":[{"count":1,"href":"https:\/\/diariodominicano.com\/index.php?rest_route=\/wp\/v2\/posts\/429484\/revisions"}],"predecessor-version":[{"id":429485,"href":"https:\/\/diariodominicano.com\/index.php?rest_route=\/wp\/v2\/posts\/429484\/revisions\/429485"}],"wp:attachment":[{"href":"https:\/\/diariodominicano.com\/index.php?rest_route=%2Fwp%2Fv2%2Fmedia&parent=429484"}],"wp:term":[{"taxonomy":"category","embeddable":true,"href":"https:\/\/diariodominicano.com\/index.php?rest_route=%2Fwp%2Fv2%2Fcategories&post=429484"},{"taxonomy":"post_tag","embeddable":true,"href":"https:\/\/diariodominicano.com\/index.php?rest_route=%2Fwp%2Fv2%2Ftags&post=429484"}],"curies":[{"name":"wp","href":"https:\/\/api.w.org\/{rel}","templated":true}]}}