{"id":429482,"date":"2023-04-05T00:23:58","date_gmt":"2023-04-05T04:23:58","guid":{"rendered":"http:\/\/diariodominicano.com\/?p=429482"},"modified":"2023-04-05T00:23:58","modified_gmt":"2023-04-05T04:23:58","slug":"iglesia-episcopal-de-haiti-niega-implicacion-en-trafico-de-armas","status":"publish","type":"post","link":"https:\/\/diariodominicano.com\/?p=429482","title":{"rendered":"Iglesia Episcopal de Hait\u00ed niega implicaci\u00f3n en tr\u00e1fico de armas"},"content":{"rendered":"\n<p>Puerto Pr\u00edncipe, 5 abr (Prensa Latina) El abogado de la Iglesia Episcopal de Hait\u00ed, P\u00e9guy Jean, neg\u00f3 cualquier implicaci\u00f3n de la entidad en tr\u00e1fico de armas tras el reporte de la polic\u00eda judicial que se\u00f1al\u00f3 a varios de sus miembros.&nbsp;&nbsp;&nbsp;&nbsp;<\/p>\n\n\n\n<ul class=\"wp-block-list\"><li>abril 5, 2023<\/li><li>CDT00:14 (GMT) -0400<\/li><\/ul>\n\n\n\n<p>Seg\u00fan el letrado, personas malintencionadas utilizaron el nombre de la instituci\u00f3n religiosa para hacer \u201ctrabajo sucio\u201d y pidi\u00f3 a las autoridades identificar a todas las personas involucradas en el caso.<\/p>\n\n\n\n<p>Tambi\u00e9n cuestion\u00f3 la actuaci\u00f3n policial en el marco de ese expediente que dej\u00f3 libre a un supuesto part\u00edcipe de tr\u00e1fico de drogas, en referencia al padre Jean Madoch\u00e9 Vil, as\u00ed como la divulgaci\u00f3n de los resultados preliminares de la investigaci\u00f3n a\u00fan cuando el proceso de instrucci\u00f3n no finaliz\u00f3.<\/p>\n\n\n\n<p>Esta semana la Oficina de Asuntos Financieros y Econ\u00f3micos de la Direcci\u00f3n Central de la Polic\u00eda Judicial emiti\u00f3 su tercer informe sobre el caso en el cual revel\u00f3 que la franquicia aduanera de la Iglesia Episcopal fue utilizada para introducir armas y municiones al pa\u00eds.<\/p>\n\n\n\n<p>La investigaci\u00f3n se\u00f1al\u00f3 al padre Frantz Cole, detenido a mediados de agosto pasado, como uno de los cabecillas de la operaci\u00f3n e indic\u00f3 que el religioso es titular de varias cuentas bancarias en Hait\u00ed y en el extranjero, y algunas contendr\u00edan grandes sumas de hasta un mill\u00f3n de d\u00f3lares.<\/p>\n\n\n\n<p>El informe de la Polic\u00eda apunta adem\u00e1s que Cole, quien en el momento de su arresto fung\u00eda como secretario ejecutivo diocesano y sacerdote a cargo de la parroquia de Nuestra Se\u00f1ora de la Anunciaci\u00f3n en Bolosse, as\u00ed como otros presuntos implicados estaban relacionados con bandas que operan en la capital, entre ellas la pandilla de Village-de-Dieu y la de Torcel.<\/p>\n\n\n\n<p>Como parte de la investigaci\u00f3n tambi\u00e9n fue apresada Gina Jean Louis Rolls, encargada de recibir los contenedores que llegaban a varios puertos del pa\u00eds, as\u00ed como el contador de la Iglesia Jean Gilles Jean Mary.<\/p>\n\n\n\n<p>El esc\u00e1ndalo sali\u00f3 a la luz en julio pasado cuando oficiales de aduana confiscaron en el puerto de esta capital contenedores con unos 20 mil cartuchos de diversos calibres, un centenar de cargadores y una veintena de armas autom\u00e1ticas, destinados a la organizaci\u00f3n religiosa.<\/p>\n\n\n\n<p>La Iglesia Episcopal neg\u00f3 cualquier relaci\u00f3n con a mercanc\u00eda y poco despu\u00e9s revel\u00f3 de sus funciones al padre Cole.<\/p>\n\n\n\n<p>oda\/ane<\/p>\n","protected":false},"excerpt":{"rendered":"<p>Puerto Pr\u00edncipe, 5 abr (Prensa Latina) El abogado de la Iglesia Episcopal de Hait\u00ed, P\u00e9guy Jean, neg\u00f3 cualquier implicaci\u00f3n de la entidad en tr\u00e1fico de armas tras el reporte de la polic\u00eda judicial que se\u00f1al\u00f3 a varios de sus miembros.&nbsp;&nbsp;&nbsp;&nbsp; abril 5, 2023 CDT00:14 (GMT) -0400 Seg\u00fan el letrado, personas malintencionadas utilizaron el nombre de [&hellip;]<\/p>\n","protected":false},"author":28,"featured_media":0,"comment_status":"closed","ping_status":"","sticky":false,"template":"","format":"standard","meta":{"footnotes":""},"categories":[112,23],"tags":[],"class_list":["post-429482","post","type-post","status-publish","format-standard","hentry","category-haiti","category-internacional"],"_links":{"self":[{"href":"https:\/\/diariodominicano.com\/index.php?rest_route=\/wp\/v2\/posts\/429482","targetHints":{"allow":["GET"]}}],"collection":[{"href":"https:\/\/diariodominicano.com\/index.php?rest_route=\/wp\/v2\/posts"}],"about":[{"href":"https:\/\/diariodominicano.com\/index.php?rest_route=\/wp\/v2\/types\/post"}],"author":[{"embeddable":true,"href":"https:\/\/diariodominicano.com\/index.php?rest_route=\/wp\/v2\/users\/28"}],"replies":[{"embeddable":true,"href":"https:\/\/diariodominicano.com\/index.php?rest_route=%2Fwp%2Fv2%2Fcomments&post=429482"}],"version-history":[{"count":1,"href":"https:\/\/diariodominicano.com\/index.php?rest_route=\/wp\/v2\/posts\/429482\/revisions"}],"predecessor-version":[{"id":429483,"href":"https:\/\/diariodominicano.com\/index.php?rest_route=\/wp\/v2\/posts\/429482\/revisions\/429483"}],"wp:attachment":[{"href":"https:\/\/diariodominicano.com\/index.php?rest_route=%2Fwp%2Fv2%2Fmedia&parent=429482"}],"wp:term":[{"taxonomy":"category","embeddable":true,"href":"https:\/\/diariodominicano.com\/index.php?rest_route=%2Fwp%2Fv2%2Fcategories&post=429482"},{"taxonomy":"post_tag","embeddable":true,"href":"https:\/\/diariodominicano.com\/index.php?rest_route=%2Fwp%2Fv2%2Ftags&post=429482"}],"curies":[{"name":"wp","href":"https:\/\/api.w.org\/{rel}","templated":true}]}}