{"id":429400,"date":"2023-04-04T22:13:13","date_gmt":"2023-04-05T02:13:13","guid":{"rendered":"http:\/\/diariodominicano.com\/?p=429400"},"modified":"2023-04-04T22:13:13","modified_gmt":"2023-04-05T02:13:13","slug":"la-fiscalia-de-sde-obtiene-tres-meses-de-prision-preventiva-contra-dos-hombres-involucrados-en-robo-de-seis-guaguas-en-villa-mella","status":"publish","type":"post","link":"https:\/\/diariodominicano.com\/?p=429400","title":{"rendered":"La Fiscal\u00eda de SDE obtiene tres meses de prisi\u00f3n preventiva contra dos hombres involucrados en robo de seis guaguas en Villa Mella"},"content":{"rendered":"\n<p>SANTO DOMINGO NORTE, Rep\u00fablica Dominicana.- La Fiscal\u00eda de Santo Domingo Este y Norte obtuvo tres meses de prisi\u00f3n preventiva contra dos hombres implicados en el robo en serie de seis guaguas de carga, de las denominadas plataneras, marca Daihatsu, modelo Hijet, de diferentes a\u00f1os.\u00a0\u00a0\u00a0\u00a0\u00a0<\/p>\n\n\n\n<p>La jueza Carol Heredia, de la Oficina Judicial de Servicios de Atenci\u00f3n Permanente, le impuso la medida a Braili Arias Camacho y\/o Frailin Arias Camacho, alias el Pato, y a Luis Alexander Constanza Mart\u00ednez, alias El\u00edas, a quienes envi\u00f3 a cumplir la medida en la Penitenciar\u00eda Nacional de La Victoria.&nbsp;<\/p>\n\n\n\n<p>Los robos fueron cometidos en perjuicio de Anviores Cuevas Vargas, Johan Daniel De La Cruz De Los Santos, Rub\u00e9n Antonio Almonte Guichardo, Valerio De La Cruz Tejada, Orlando Fabi\u00e1n Ram\u00edrez, Santo Guzm\u00e1n y el Estado dominicano.&nbsp;<\/p>\n\n\n\n<p>El expediente, instrumentado por la fiscal investigadora Francia Moreno, relata que ambos imputados resultaron detenidos de manera flagrante en fecha 15 de marzo de 2023, en momentos en que transitaban por la calle Principal del sector Los Guaricanos, a bordo de una camioneta de una de las v\u00edctimas.&nbsp;<\/p>\n\n\n\n<p>Detalla que la detenci\u00f3n de los imputados ocurre tras la cronolog\u00eda de denuncias por robos de veh\u00edculos de carga \u201cguaguas plataneras\u201d, que datan desde el 2 de julio de 2022, a nombre de Santo Guzm\u00e1n; 31 de julio de 2022, de Orlando Fabi\u00e1n Ram\u00edrez; 9 de agosto de 2022, de la v\u00edctima Valerio De La Cruz Tejada, el 15 de agosto de 2022, del se\u00f1or Rub\u00e9n Antonio Almonte Guichardo; 1 de marzo de 2023, Johan Daniel De La Cruz De Los Santos, y el 13 de marzo de 2023, de Anviores Cuevas Vargas.&nbsp;<\/p>\n\n\n\n<p>La investigaci\u00f3n detalla que los malhechores conjuntamente con el nombrado Brayan y una persona hasta el momento desconocida (estos dos \u00faltimos pr\u00f3fugos), quedaron captados en c\u00e1maras de seguridad de diferentes lugares en momentos en el que sustrajeron algunos veh\u00edculos de las v\u00edctimas denunciantes.&nbsp;<\/p>\n\n\n\n<p>Durante el conocimiento de la medida de coerci\u00f3n el fiscal litigante \u00c1ngel Medina manifest\u00f3 que el Ministerio P\u00fablico cuenta con suficientes elementos de prueba para sustentar los delitos que se les imputan sobre asociaci\u00f3n de malhechores y robo agravado, tipificado y penado por los art\u00edculos 265, 266, 379, 383, 384, 385 y 386 del C\u00f3digo Penal Dominicano.&nbsp;<\/p>\n\n\n\n<p>Direcci\u00f3n General de Comunicaci\u00f3n, Prensa, y RRPP<\/p>\n\n\n\n<p>Ministerio P\u00fablico.&nbsp;R.D.<\/p>\n\n\n\n<p>Martes, 4 de abril de 2023&#8230;.<\/p>\n","protected":false},"excerpt":{"rendered":"<p>SANTO DOMINGO NORTE, Rep\u00fablica Dominicana.- La Fiscal\u00eda de Santo Domingo Este y Norte obtuvo tres meses de prisi\u00f3n preventiva contra dos hombres implicados en el robo en serie de seis guaguas de carga, de las denominadas plataneras, marca Daihatsu, modelo Hijet, de diferentes a\u00f1os.\u00a0\u00a0\u00a0\u00a0\u00a0 La jueza Carol Heredia, de la Oficina Judicial de Servicios de [&hellip;]<\/p>\n","protected":false},"author":28,"featured_media":368341,"comment_status":"closed","ping_status":"","sticky":true,"template":"","format":"standard","meta":{"footnotes":""},"categories":[24,29,27],"tags":[],"class_list":["post-429400","post","type-post","status-publish","format-standard","has-post-thumbnail","hentry","category-justicia-y-derecho","category-policiasucesos","category-portada"],"_links":{"self":[{"href":"https:\/\/diariodominicano.com\/index.php?rest_route=\/wp\/v2\/posts\/429400","targetHints":{"allow":["GET"]}}],"collection":[{"href":"https:\/\/diariodominicano.com\/index.php?rest_route=\/wp\/v2\/posts"}],"about":[{"href":"https:\/\/diariodominicano.com\/index.php?rest_route=\/wp\/v2\/types\/post"}],"author":[{"embeddable":true,"href":"https:\/\/diariodominicano.com\/index.php?rest_route=\/wp\/v2\/users\/28"}],"replies":[{"embeddable":true,"href":"https:\/\/diariodominicano.com\/index.php?rest_route=%2Fwp%2Fv2%2Fcomments&post=429400"}],"version-history":[{"count":1,"href":"https:\/\/diariodominicano.com\/index.php?rest_route=\/wp\/v2\/posts\/429400\/revisions"}],"predecessor-version":[{"id":429401,"href":"https:\/\/diariodominicano.com\/index.php?rest_route=\/wp\/v2\/posts\/429400\/revisions\/429401"}],"wp:featuredmedia":[{"embeddable":true,"href":"https:\/\/diariodominicano.com\/index.php?rest_route=\/wp\/v2\/media\/368341"}],"wp:attachment":[{"href":"https:\/\/diariodominicano.com\/index.php?rest_route=%2Fwp%2Fv2%2Fmedia&parent=429400"}],"wp:term":[{"taxonomy":"category","embeddable":true,"href":"https:\/\/diariodominicano.com\/index.php?rest_route=%2Fwp%2Fv2%2Fcategories&post=429400"},{"taxonomy":"post_tag","embeddable":true,"href":"https:\/\/diariodominicano.com\/index.php?rest_route=%2Fwp%2Fv2%2Ftags&post=429400"}],"curies":[{"name":"wp","href":"https:\/\/api.w.org\/{rel}","templated":true}]}}