{"id":42937,"date":"2019-08-06T23:34:56","date_gmt":"2019-08-06T23:34:56","guid":{"rendered":"http:\/\/diariodominicano.ddns.net\/?p=42937"},"modified":"2019-08-06T23:34:56","modified_gmt":"2019-08-06T23:34:56","slug":"a-pleno-solconcertacion-nacional","status":"publish","type":"post","link":"https:\/\/diariodominicano.com\/?p=42937","title":{"rendered":"&#13;A Pleno Sol&#13;&#13;Concertaci\u00f3n Nacional"},"content":{"rendered":"<p><body><\/p>\n<\/p>\n<p><strong>Por Manuel Hern\u00e1ndez Villeta<\/strong><\/p>\n<\/p>\n<\/p>\n<p>Aunque en campa\u00f1a electoral luce dif\u00edcil, casi imposible, lograr un acuerdo nacional para impulsar el desarrollo, si se puede hacer el llamado a las fuerzas vivas para que piensen en nuestro futuro, y dejen a los pol\u00edticos metidos en sus rebati\u00f1as.<\/p>\n<\/p>\n<p>La agenda nacional no necesariamente est\u00e1 caminando pareja entre lo que quiere la sociedad civil, los moradores de los barrios, los empresarios, los chiriperos, los desempleados, y la demagogia de la mayor\u00eda de los pol\u00edticos.<\/p>\n<\/p>\n<p>Desde la muerte de Trujillo, cuando alegadamente se entr\u00f3 en la democracia, nadie ha presentado y cumplido un programa de gobierno. Desde luego que las intenciones electorales son una punta de lanza, un golpe de efecto, que necesariamente no se cumplir\u00e1 de la forma acad\u00e9mica en que fue redactado.<\/p>\n<\/p>\n<p>En la etapa de la globalizaci\u00f3n los Estados han perdido poder. Ahora deben ser compa\u00f1eros de ruta de los empresarios, coordinadores, y al mismo tiempo los gendarmes que se encarguen de aplicar las leyes. Se topan de frente con un capitalismo que no tiene rostro humano.<\/p>\n<\/p>\n<p>Pero los pol\u00edticos tienen sus demonios internos, que es el clientelismo.- Muchos cobran y poco trabajan. Es el sector empresarial que est\u00e1 llamado a crear empleos de calidad, con buenos salarios y seguridad.<\/p>\n<\/p>\n<p>El Estado debe incentivar esa pol\u00edtica. Hay que tratar de reducir el desempleo, sobre todo en lo que se refiere al primer empleo. Esto no resiste las variantes te\u00f3ricas, no todo el mundo puede tener un peque\u00f1o negocio, ni puede acceder al cr\u00e9dito privado.<\/p>\n<\/p>\n<p>Lo que se necesita es el dinero circulando en las calles. Pero hay algo en lo que se debe meditar a fondo. La automatizaci\u00f3n y la tecnolog\u00eda moderna hacen innecesaria la fuerza de trabajo. Esto seguir\u00e1 aumentando el desempleo. Mientras las f\u00e1bricas y el comercio m\u00e1s se modernicen, seguir\u00e1n reduciendo la n\u00f3mina.<\/p>\n<\/p>\n<p>Los empleos a mano ser\u00e1n cada d\u00eda de mayor calidad y capacidad del asalariado. Hasta para limpiar los ba\u00f1os en los hoteles de playa, se est\u00e1 exigiendo un certificado. Quiere decir que el iletrado y el analfabeto, que no es lo mismo, no podr\u00e1 conseguir trabajo en un futuro cercano.<\/p>\n<\/p>\n<p>Hay pr\u00e1cticas desalmadas que conspiran contra la pol\u00edtica del pleno empleo y es la edad. En el sector privado es dif\u00edcil que se le d\u00e9 oportunidad de comenzar a trabajar a una persona mayor de 40 a\u00f1os. Sin planes de seguridad social y sin pensiones, tambi\u00e9n es dif\u00edcil poder subsistir.<\/p>\n<\/p>\n<p>Tiene que darse entre todos los sectores de la vida nacional una gran cruzada para lograr el desarrollo dominicano. Es dif\u00edcil pensar en ello en medio de un a\u00f1o electoral, donde cualquier paso mueve a sospechas, pero sin el concurso de todos, el pa\u00eds se estancar\u00e1 y caer\u00e1 en el precipicio. \u00a1Ay!, se me acab\u00f3 la tinta.<\/p>\n<\/p>\n<\/p>\n<h6> 2019-08-06 23:34:56 <\/h6>\n<p><!--\n<link rel=\"stylesheet\" href=\"css\/bootstrap.min.css\">\n\n\n<ul class=\"pagination\">\n\t    \n\t\n\n<li >\n\t<a href='?page_no=589'>Previous<\/a>\n\t<\/li>\n\n\n       \n    \n\n<li><a href='?page_no=1'>1<\/a><\/li>\n\n\n\n<li><a href='?page_no=2'>2<\/a><\/li>\n\n\n\n<li><a>...<\/a><\/li>\n\n\n\n<li><a href='?page_no=588'>588<\/a><\/li>\n\n\n\n<li><a href='?page_no=589'>589<\/a><\/li>\n\n\n\n<li class='active'><a>590<\/a><\/li>\n\n\n\n<li><a href='?page_no=591'>591<\/a><\/li>\n\n\n\n<li><a href='?page_no=592'>592<\/a><\/li>\n\n\n\n<li><a>...<\/a><\/li>\n\n\n\n<li><a href='?page_no=13611'>13611<\/a><\/li>\n\n\n\n<li><a href='?page_no=13612'>13612<\/a><\/li>\n\n    \n\t\n\n<li >\n\t<a href='?page_no=591'>Next<\/a>\n\t<\/li>\n\n\n    \n\n<li><a href='?page_no=13612'>Last &rsaquo;&rsaquo;<\/a><\/li>\n\n<\/ul>\n\n\n--><br \/>\n<\/body><\/p>\n","protected":false},"excerpt":{"rendered":"<p>Por Manuel Hern\u00e1ndez Villeta Aunque en campa\u00f1a electoral luce dif\u00edcil, casi imposible, lograr un acuerdo nacional para impulsar el desarrollo, si se puede hacer el llamado a las fuerzas vivas para que piensen en nuestro futuro, y dejen a los pol\u00edticos metidos en sus rebati\u00f1as. La agenda nacional no necesariamente est\u00e1 caminando pareja entre lo [&hellip;]<\/p>\n","protected":false},"author":3,"featured_media":0,"comment_status":"open","ping_status":"open","sticky":false,"template":"","format":"standard","meta":{"footnotes":""},"categories":[16],"tags":[],"class_list":["post-42937","post","type-post","status-publish","format-standard","hentry","category-opiniones"],"_links":{"self":[{"href":"https:\/\/diariodominicano.com\/index.php?rest_route=\/wp\/v2\/posts\/42937","targetHints":{"allow":["GET"]}}],"collection":[{"href":"https:\/\/diariodominicano.com\/index.php?rest_route=\/wp\/v2\/posts"}],"about":[{"href":"https:\/\/diariodominicano.com\/index.php?rest_route=\/wp\/v2\/types\/post"}],"author":[{"embeddable":true,"href":"https:\/\/diariodominicano.com\/index.php?rest_route=\/wp\/v2\/users\/3"}],"replies":[{"embeddable":true,"href":"https:\/\/diariodominicano.com\/index.php?rest_route=%2Fwp%2Fv2%2Fcomments&post=42937"}],"version-history":[{"count":0,"href":"https:\/\/diariodominicano.com\/index.php?rest_route=\/wp\/v2\/posts\/42937\/revisions"}],"wp:attachment":[{"href":"https:\/\/diariodominicano.com\/index.php?rest_route=%2Fwp%2Fv2%2Fmedia&parent=42937"}],"wp:term":[{"taxonomy":"category","embeddable":true,"href":"https:\/\/diariodominicano.com\/index.php?rest_route=%2Fwp%2Fv2%2Fcategories&post=42937"},{"taxonomy":"post_tag","embeddable":true,"href":"https:\/\/diariodominicano.com\/index.php?rest_route=%2Fwp%2Fv2%2Ftags&post=42937"}],"curies":[{"name":"wp","href":"https:\/\/api.w.org\/{rel}","templated":true}]}}