{"id":42936,"date":"2020-09-30T07:59:52","date_gmt":"2020-09-30T07:59:52","guid":{"rendered":"http:\/\/diariodominicano.ddns.net\/?p=42936"},"modified":"2020-09-30T07:59:52","modified_gmt":"2020-09-30T07:59:52","slug":"la-extrana-narrativa-de-danilo-medina","status":"publish","type":"post","link":"https:\/\/diariodominicano.com\/?p=42936","title":{"rendered":"&#13;La extra\u00f1a narrativa de Danilo Medina"},"content":{"rendered":"<p><body><\/p>\n<p><strong>Diariodominicano.com<\/strong><\/p>\n<p><strong>VISI\u00d3N GLOBAL<\/strong><\/p>\n<p><strong>Por Nelson Encarnaci\u00f3n<\/strong><\/p>\n<p><strong> <\/strong><\/p>\n<p><strong>La extra\u00f1a narrativa de Danilo Medina<\/strong><\/p>\n<\/p>\n<p>Si la historia correspondiera ser escrita por el ex presidente Danilo Medina tendr\u00edamos una narrativa parda acomodada a sus intereses y muy alejada de los hechos reales.<\/p>\n<\/p>\n<p>Para el jubilado ex gobernante su paso por la Presidencia de la Rep\u00fablica fue una bendici\u00f3n para los dominicanos, y es algo que todo el pa\u00eds debe agradecerle, aun por encima de la realidad tozuda que dice que Danilo fue un fraude bien disimulado.<\/p>\n<\/p>\n<p>La derrota sufrida por el Partido de la Liberaci\u00f3n Dominicana, tanto en marzo como en julio, fue provocada por la suma de todas las frustraciones que tuvo la mayor\u00eda del electorado nacional.<\/p>\n<\/p>\n<p>Sin embargo, en una maniobra de escasa utilidad, Danilo atribuye la derrota a que \u00abdiecis\u00e9is a\u00f1os de Gobierno es mucho tiempo, lo cual no deja de ser real pero saliendo de otra boca.<\/p>\n<\/p>\n<p>Cuando \u00e9l trataba de forzar una segunda modificaci\u00f3n constitucional para una re-reelecci\u00f3n no calculaba que 16 a\u00f1os era mucho. Entonces sosten\u00eda que \u00e9l ganaba las elecciones de todas maneras.<\/p>\n<\/p>\n<p>Fue su discurso incluso sin ser candidato y a pesar de que el pa\u00eds estaba hasta la coronilla con su presidencia corrupta.<\/p>\n<\/p>\n<p>Es por ello que despu\u00e9s de la derrota se empecina a atribuir a los de abajo la causa de la debacle, incluso acus\u00e1ndolos de mercenarios, a pesar de que fue gente le dio dos victorias, una de las cuales \u00e9l no merec\u00eda, pues fue el producto de uno de los episodios pol\u00edticos m\u00e1s sucios en la historia de nuestro pa\u00eds.<\/p>\n<\/p>\n<p>Me refiero a aquella canallada dirigida personalmente por Danilo, que consisti\u00f3 en el uso de un delincuente para tratar de hundir en el lodo la figura de quien le hab\u00eda hecho presidente en 2012.<\/p>\n<\/p>\n<p>Para que se entienda la conducta ladina de Danilo, s\u00f3lo debemos remontarnos a aquella tarde de s\u00e1bado cuando en medio del lodazal que \u00e9l mismo hab\u00eda regado sobre Leonel Fern\u00e1ndez, fue capaz de montar una comedia de supuesta solidaridad con el ex presidente, cuando de seguro en su fuero interior le sacaba la lengua.<\/p>\n<\/p>\n<p>Danilo gener\u00f3 una acumulaci\u00f3n de perversidades que el pueblo le cobr\u00f3 votando masivamente contra su alter ego, por lo que resulta una cobard\u00eda alegar ahora que los pelede\u00edstas no hicieron el trabajo electoral porque hab\u00eda que pagarles.<\/p>\n<\/p>\n<p>Si tal fue el caso, es una degeneraci\u00f3n cuya responsabilidad le pertenece, ya que \u00e9l, que se comporta como un pandillero de la pol\u00edtica, fund\u00f3 su supuesto liderazgo sobre una zapata de ignominias y envilecimiento de sus propios compa\u00f1eros, a quienes siempre se atrajo a trav\u00e9s de las canonj\u00edas que tuviese a su alcance.<\/p>\n<\/p>\n<p>\u00a1Al carajo Danilo Medina! \u00c9l cosech\u00f3, y seguir\u00e1 recogiendo, los frutos de su siembra pol\u00edticamente incorrecta.<\/p>\n<\/p>\n<p>Nelsonencar10@gmail.com<\/p>\n<\/p>\n<p>Zona de los archivos adjuntos<\/p>\n<h6> 2020-09-30 07:59:52 <\/h6>\n<p><!--\n<link rel=\"stylesheet\" href=\"css\/bootstrap.min.css\">\n\n\n<ul class=\"pagination\">\n\t    \n\t\n\n<li >\n\t<a href='?page_no=58'>Previous<\/a>\n\t<\/li>\n\n\n       \n    \n\n<li><a href='?page_no=1'>1<\/a><\/li>\n\n\n\n<li><a href='?page_no=2'>2<\/a><\/li>\n\n\n\n<li><a>...<\/a><\/li>\n\n\n\n<li><a href='?page_no=57'>57<\/a><\/li>\n\n\n\n<li><a href='?page_no=58'>58<\/a><\/li>\n\n\n\n<li class='active'><a>59<\/a><\/li>\n\n\n\n<li><a href='?page_no=60'>60<\/a><\/li>\n\n\n\n<li><a href='?page_no=61'>61<\/a><\/li>\n\n\n\n<li><a>...<\/a><\/li>\n\n\n\n<li><a href='?page_no=13611'>13611<\/a><\/li>\n\n\n\n<li><a href='?page_no=13612'>13612<\/a><\/li>\n\n    \n\t\n\n<li >\n\t<a href='?page_no=60'>Next<\/a>\n\t<\/li>\n\n\n    \n\n<li><a href='?page_no=13612'>Last &rsaquo;&rsaquo;<\/a><\/li>\n\n<\/ul>\n\n\n--><br \/>\n<\/body><\/p>\n","protected":false},"excerpt":{"rendered":"<p>Diariodominicano.com VISI\u00d3N GLOBAL Por Nelson Encarnaci\u00f3n La extra\u00f1a narrativa de Danilo Medina Si la historia correspondiera ser escrita por el ex presidente Danilo Medina tendr\u00edamos una narrativa parda acomodada a sus intereses y muy alejada de los hechos reales. Para el jubilado ex gobernante su paso por la Presidencia de la Rep\u00fablica fue una bendici\u00f3n [&hellip;]<\/p>\n","protected":false},"author":3,"featured_media":0,"comment_status":"open","ping_status":"open","sticky":false,"template":"","format":"standard","meta":{"footnotes":""},"categories":[16],"tags":[],"class_list":["post-42936","post","type-post","status-publish","format-standard","hentry","category-opiniones"],"_links":{"self":[{"href":"https:\/\/diariodominicano.com\/index.php?rest_route=\/wp\/v2\/posts\/42936","targetHints":{"allow":["GET"]}}],"collection":[{"href":"https:\/\/diariodominicano.com\/index.php?rest_route=\/wp\/v2\/posts"}],"about":[{"href":"https:\/\/diariodominicano.com\/index.php?rest_route=\/wp\/v2\/types\/post"}],"author":[{"embeddable":true,"href":"https:\/\/diariodominicano.com\/index.php?rest_route=\/wp\/v2\/users\/3"}],"replies":[{"embeddable":true,"href":"https:\/\/diariodominicano.com\/index.php?rest_route=%2Fwp%2Fv2%2Fcomments&post=42936"}],"version-history":[{"count":0,"href":"https:\/\/diariodominicano.com\/index.php?rest_route=\/wp\/v2\/posts\/42936\/revisions"}],"wp:attachment":[{"href":"https:\/\/diariodominicano.com\/index.php?rest_route=%2Fwp%2Fv2%2Fmedia&parent=42936"}],"wp:term":[{"taxonomy":"category","embeddable":true,"href":"https:\/\/diariodominicano.com\/index.php?rest_route=%2Fwp%2Fv2%2Fcategories&post=42936"},{"taxonomy":"post_tag","embeddable":true,"href":"https:\/\/diariodominicano.com\/index.php?rest_route=%2Fwp%2Fv2%2Ftags&post=42936"}],"curies":[{"name":"wp","href":"https:\/\/api.w.org\/{rel}","templated":true}]}}